{"id":28499,"date":"2026-09-04T16:15:12","date_gmt":"2026-09-04T08:15:12","guid":{"rendered":"https:\/\/desifine.com\/"},"modified":"2026-09-04T16:15:12","modified_gmt":"2026-09-04T08:15:12","slug":"top-9-trusted-white-label-facial-serum-manufacturers","status":"publish","type":"post","link":"https:\/\/desifine.com\/fr\/top-9-trusted-white-label-facial-serum-manufacturers\/","title":{"rendered":"Les 9 meilleurs fabricants de s\u00e9rums pour le visage en marque blanche de confiance"},"content":{"rendered":"<p>Comment choisir <strong><a href=\"https:\/\/desifine.com\/fr\/categories\/white-label-face-care\/\" data-type=\"link\" data-id=\"https:\/\/desifine.com\/categories\/white-label-face-care\/\">s\u00e9rum visage en marque blanche<\/a><\/strong> La question des fabricants revient sans cesse lorsque je s\u00e9lectionne des partenaires de fabrication pour des marques de soins de la peau. Il est bien moins courant qu\u2019on ne le pense de trouver un fabricant de s\u00e9rums pour le visage en marque blanche capable de stabiliser des principes actifs tels que l\u2019acide hyaluronique, la niacinamide et les peptides dans un s\u00e9rum pr\u00eat \u00e0 \u00eatre commercialis\u00e9 sous marque de distributeur, tout en g\u00e9rant la documentation de conformit\u00e9 et les quantit\u00e9s minimales de commande. Vous trouverez ci-dessous une liste s\u00e9lectionn\u00e9e de 9 fabricants de s\u00e9rums pour le visage en marque blanche, class\u00e9s par r\u00e9gion et par domaine d\u2019expertise, afin de vous aider \u00e0 \u00e9tablir votre liste restreinte de fournisseurs.<\/p>\n\n\n\n<h2 class=\"wp-block-heading\">Aper\u00e7u rapide<\/h2>\n\n\n\n<figure class=\"wp-block-table\"><table class=\"has-fixed-layout\"><tbody><tr><td class=\"has-text-align-center\" data-align=\"center\"><strong>Nom du fabricant<\/strong><\/td><td class=\"has-text-align-center\" data-align=\"center\"><strong>Pays \/ R\u00e9gion<\/strong><\/td><td class=\"has-text-align-center\" data-align=\"center\"><strong>Cat\u00e9gories principales \/ Arguments de vente<\/strong><\/td><td class=\"has-text-align-center\" data-align=\"center\"><strong>Certifications<\/strong><\/td><\/tr><tr><td class=\"has-text-align-center\" data-align=\"center\">Desifine<\/td><td class=\"has-text-align-center\" data-align=\"center\">Chine<\/td><td class=\"has-text-align-center\" data-align=\"center\">Gamme de s\u00e9rums pour le visage en marque blanche, formule propre sans 8 ingr\u00e9dients controvers\u00e9s, solutions OEM\/ODM cl\u00e9s en main<\/td><td class=\"has-text-align-center\" data-align=\"center\">GMPC \/ ISO 22716 \/ FDA<\/td><\/tr><tr><td class=\"has-text-align-center\" data-align=\"center\">Phytocosma<\/td><td class=\"has-text-align-center\" data-align=\"center\">France<\/td><td class=\"has-text-align-center\" data-align=\"center\">S\u00e9rums en ampoules de verre \u00e0 haute concentration, biblioth\u00e8que de plus de 2 400 formules<\/td><td class=\"has-text-align-center\" data-align=\"center\">ISO 22716 (NF EN)<\/td><\/tr><tr><td class=\"has-text-align-center\" data-align=\"center\">SKINOVATORS<\/td><td class=\"has-text-align-center\" data-align=\"center\">Allemagne<\/td><td class=\"has-text-align-center\" data-align=\"center\">S\u00e9rums et ampoules de marque propre fabriqu\u00e9s en Allemagne, plus de 500 formules en marque blanche<\/td><td class=\"has-text-align-center\" data-align=\"center\">cGMP \/ ISO<\/td><\/tr><tr><td class=\"has-text-align-center\" data-align=\"center\">Naturescent (FARAN)<\/td><td class=\"has-text-align-center\" data-align=\"center\">Isra\u00ebl<\/td><td class=\"has-text-align-center\" data-align=\"center\">Gamme de s\u00e9rums en marque de distributeur \u00e0 base d'actifs naturels issus de plantes du d\u00e9sert, certifi\u00e9e Ecocert<\/td><td class=\"has-text-align-center\" data-align=\"center\">Agr\u00e9ment du minist\u00e8re isra\u00e9lien de la Sant\u00e9 \/ Ecocert<\/td><\/tr><tr><td class=\"has-text-align-center\" data-align=\"center\">Be Factory<\/td><td class=\"has-text-align-center\" data-align=\"center\">Br\u00e9sil<\/td><td class=\"has-text-align-center\" data-align=\"center\">S\u00e9rums, cr\u00e8mes et cr\u00e8mes solaires pour le visage en marque de distributeur, production adapt\u00e9e \u00e0 l'exportation vers l'Am\u00e9rique du Sud<\/td><td class=\"has-text-align-center\" data-align=\"center\">Syst\u00e8me BPF<\/td><\/tr><tr><td class=\"has-text-align-center\" data-align=\"center\">DEL\u2019LA SOFT<\/td><td class=\"has-text-align-center\" data-align=\"center\">Turquie<\/td><td class=\"has-text-align-center\" data-align=\"center\">S\u00e9rums hautement actifs, quantit\u00e9 minimale de commande (MOQ) r\u00e9duite, conformit\u00e9 \u00e0 la r\u00e9glementation CPNP de l'UE<\/td><td class=\"has-text-align-center\" data-align=\"center\">BPF (ISO 22716) \/ ISO 9001<\/td><\/tr><tr><td class=\"has-text-align-center\" data-align=\"center\">Cosm\u00e9tiques en marque blanche<\/td><td class=\"has-text-align-center\" data-align=\"center\">Afrique du Sud<\/td><td class=\"has-text-align-center\" data-align=\"center\">Production bas\u00e9e au Cap, plus de 3 000 formules pr\u00eates \u00e0 l'emploi, quantit\u00e9 minimale de commande tr\u00e8s faible<\/td><td class=\"has-text-align-center\" data-align=\"center\">BPF ISO 22716<\/td><\/tr><tr><td class=\"has-text-align-center\" data-align=\"center\">Soins de la peau haut de gamme en Nouvelle-Z\u00e9lande<\/td><td class=\"has-text-align-center\" data-align=\"center\">Nouvelle-Z\u00e9lande<\/td><td class=\"has-text-align-center\" data-align=\"center\">S\u00e9rums sur mesure fabriqu\u00e9s en Nouvelle-Z\u00e9lande, service \u00ab du laboratoire \u00e0 l'\u00e9tiquette \u00bb<\/td><td class=\"has-text-align-center\" data-align=\"center\">BPF ISO 22716<\/td><\/tr><tr><td class=\"has-text-align-center\" data-align=\"center\">Lunalabs Mexique<\/td><td class=\"has-text-align-center\" data-align=\"center\">Mexique<\/td><td class=\"has-text-align-center\" data-align=\"center\">S\u00e9rums correcteurs ax\u00e9s sur la dermatologie, destin\u00e9s \u00e0 l'Am\u00e9rique du Nord et \u00e0 l'Am\u00e9rique latine<\/td><td class=\"has-text-align-center\" data-align=\"center\">Conformit\u00e9 r\u00e9glementaire \u00e0 la COFEPRIS au Mexique<\/td><\/tr><\/tbody><\/table><\/figure>\n\n\n\n<h2 class=\"wp-block-heading\">1. D\u00e9finir<\/h2>\n\n\n\n<p>La transformation de s\u00e9rums pour le visage en produits finis pr\u00eats \u00e0 \u00eatre commercialis\u00e9s sous marque de distributeur constitue l'un des principaux atouts de Desifine, fabricant de s\u00e9rums pour le visage en marque blanche. Son usine de Nansha, \u00e0 Guangzhou, est certifi\u00e9e conforme aux normes GMPC et ISO 22716 et a satisfait aux contr\u00f4les de la FDA. Gr\u00e2ce \u00e0 un syst\u00e8me de formulation \u00ab 8-Free \u00bb (sans 8 ingr\u00e9dients nocifs), l\u2019entreprise propose des solutions int\u00e9gr\u00e9es couvrant le d\u00e9veloppement de formulations, la conformit\u00e9 r\u00e9glementaire et la livraison des produits, ce qui profite grandement aux marques souhaitant lancer rapidement des produits de soins de la peau efficaces.<\/p>\n\n\n\n<figure class=\"wp-block-image size-large\"><img fetchpriority=\"high\" decoding=\"async\" width=\"1300\" height=\"632\" src=\"https:\/\/desifine.com\/wp-content\/uploads\/2025\/11\/DESIFINE-1300x632.png\" alt=\"DESIFINE\" class=\"wp-image-22770\" srcset=\"https:\/\/desifine.com\/wp-content\/uploads\/2025\/11\/DESIFINE-1300x632.png 1300w, https:\/\/desifine.com\/wp-content\/uploads\/2025\/11\/DESIFINE-400x195.png 400w, https:\/\/desifine.com\/wp-content\/uploads\/2025\/11\/DESIFINE-768x373.png 768w, https:\/\/desifine.com\/wp-content\/uploads\/2025\/11\/DESIFINE-1536x747.png 1536w, https:\/\/desifine.com\/wp-content\/uploads\/2025\/11\/DESIFINE-18x9.png 18w, https:\/\/desifine.com\/wp-content\/uploads\/2025\/11\/DESIFINE.png 1894w\" sizes=\"(max-width: 1300px) 100vw, 1300px\" \/><\/figure>\n\n\n\n<h3 class=\"wp-block-heading\">Pr\u00e9sentation de l'usine<\/h3>\n\n\n\n<ul class=\"wp-block-list\">\n<li>Fabricant sino-allemand de produits cosm\u00e9tiques en sous-traitance (OEM\/ODM) bas\u00e9 \u00e0 Nansha, Guangzhou, en Chine<\/li>\n\n\n\n<li>Syst\u00e8me de formulation \u00ab 8-Free \u00bb ; conformit\u00e9 aux normes GMPC et ISO 22716 ; avis favorables de la FDA obtenus<\/li>\n\n\n\n<li>Trois grandes gammes de produits : soins du visage, soins du corps et soins capillaires ; environ 60% de production destin\u00e9e \u00e0 l'exportation<\/li>\n<\/ul>\n\n\n\n<h3 class=\"wp-block-heading\">Comp\u00e9tences cl\u00e9s<\/h3>\n\n\n\n<ul class=\"wp-block-list\">\n<li>Gammes de s\u00e9rums pour le visage en marque blanche, proposant des formules pr\u00eates \u00e0 l'emploi allant de l'hydratation de base \u00e0 des principes actifs tels que l'acide hyaluronique, la niacinamide et les peptides<\/li>\n\n\n\n<li>Capacit\u00e9 de remplissage adapt\u00e9e \u00e0 diff\u00e9rentes viscosit\u00e9s : solutions aqueuses, gels, micro\u00e9mulsions, etc.<\/li>\n\n\n\n<li>Fournit les fiches INCI, les rapports d'essais de stabilit\u00e9 et les rapports d'analyses microbiologiques ; quantit\u00e9 minimale de commande (MOQ) n\u00e9gociable en fonction du projet<\/li>\n<\/ul>\n\n\n\n<h2 class=\"wp-block-heading\">2. Phytocosma<\/h2>\n\n\n\n<p>Se d\u00e9marquer gr\u00e2ce \u00e0 des s\u00e9rums en ampoules de verre hautement concentr\u00e9s, fabriqu\u00e9s en France, constitue le principal atout de <a href=\"https:\/\/phytocosma.com\/\" target=\"_blank\" data-type=\"link\" data-id=\"https:\/\/phytocosma.com\/\" rel=\"noreferrer noopener nofollow\">Phytocosma<\/a>, fabricant de s\u00e9rums pour le visage en marque blanche. Fond\u00e9e \u00e0 Lyon en 1982, l'entreprise dispose d'une biblioth\u00e8que de plus de 2 400 formulations et fabrique ses produits dans le respect des bonnes pratiques de fabrication (BPF), conform\u00e9ment \u00e0 la norme NF EN ISO 22716. C\u2019est le partenaire id\u00e9al pour les marques souhaitant d\u00e9velopper un univers de \u201c s\u00e9rums de qualit\u00e9 professionnelle \u201d s\u2019appuyant sur une fabrication d\u2019origine europ\u00e9enne.<\/p>\n\n\n\n<figure class=\"wp-block-image size-large\"><img decoding=\"async\" width=\"1300\" height=\"646\" src=\"https:\/\/desifine.com\/wp-content\/uploads\/2026\/01\/PHYTOCOSMA-INTERNATIONAL-1300x646.png\" alt=\"Phytocosma International\" class=\"wp-image-23190\" srcset=\"https:\/\/desifine.com\/wp-content\/uploads\/2026\/01\/PHYTOCOSMA-INTERNATIONAL-1300x646.png 1300w, https:\/\/desifine.com\/wp-content\/uploads\/2026\/01\/PHYTOCOSMA-INTERNATIONAL-400x199.png 400w, https:\/\/desifine.com\/wp-content\/uploads\/2026\/01\/PHYTOCOSMA-INTERNATIONAL-768x382.png 768w, https:\/\/desifine.com\/wp-content\/uploads\/2026\/01\/PHYTOCOSMA-INTERNATIONAL-1536x763.png 1536w, https:\/\/desifine.com\/wp-content\/uploads\/2026\/01\/PHYTOCOSMA-INTERNATIONAL-18x9.png 18w, https:\/\/desifine.com\/wp-content\/uploads\/2026\/01\/PHYTOCOSMA-INTERNATIONAL.png 1902w\" sizes=\"(max-width: 1300px) 100vw, 1300px\" \/><\/figure>\n\n\n\n<h3 class=\"wp-block-heading\">Pr\u00e9sentation de l'usine <\/h3>\n\n\n\n<ul class=\"wp-block-list\">\n<li>Fabricant OEM \/ de marques de distributeur sp\u00e9cialis\u00e9 dans les soins de la peau, fond\u00e9 en 1982 \u00e0 Lyon, en France <\/li>\n\n\n\n<li>Producteur autoproclam\u00e9 leader des s\u00e9rums fran\u00e7ais en ampoules de verre \u00e0 haute concentration <\/li>\n\n\n\n<li>Biblioth\u00e8que de plus de 2 400 formules ; production r\u00e9gie par les principes des BPF de la norme NF EN ISO 22716<\/li>\n<\/ul>\n\n\n\n<h3 class=\"wp-block-heading\">Comp\u00e9tences cl\u00e9s <\/h3>\n\n\n\n<ul class=\"wp-block-list\">\n<li>Une expertise approfondie dans le domaine des s\u00e9rums hautement concentr\u00e9s conditionn\u00e9s en ampoules en verre <\/li>\n\n\n\n<li>Propose des produits en vrac, des conditionnements pr\u00eats \u00e0 l'emploi et des services de remplissage d'ampoules en verre pour les lotions, les gels, les s\u00e9rums et les soins exfoliants <\/li>\n\n\n\n<li>\u00c9tudes de stabilit\u00e9 en temps r\u00e9el r\u00e9alis\u00e9es en interne, vaste exp\u00e9rience en mati\u00e8re de conformit\u00e9 r\u00e9glementaire au sein de l'UE<\/li>\n<\/ul>\n\n\n\n<h2 class=\"wp-block-heading\">3. SKINOVATORS<\/h2>\n\n\n\n<p>C'est son engagement en faveur des normes de qualit\u00e9 \u00ab Made in Germany \u00bb et de formulations ax\u00e9es sur les besoins cliniques qui distingue <a href=\"https:\/\/skinovators.com\/\" target=\"_blank\" data-type=\"link\" data-id=\"https:\/\/skinovators.com\/\" rel=\"noreferrer noopener nofollow\">Skinovators<\/a> se distingue en tant que fabricant de s\u00e9rums pour le visage en marque blanche. Situ\u00e9e \u00e0 Hessisch Lichtenau, en Allemagne, l'usine est certifi\u00e9e cGMP et ISO. Son catalogue, qui compte plus de 500 formules en marque blanche, comprend des s\u00e9rums, des ampoules, des masques et bien d'autres produits, ce qui en fait une option pratique pour les marques qui privil\u00e9gient un contr\u00f4le qualit\u00e9 de niveau allemand.<\/p>\n\n\n\n<figure class=\"wp-block-image size-large\"><img decoding=\"async\" width=\"1300\" height=\"649\" src=\"https:\/\/desifine.com\/wp-content\/uploads\/2026\/02\/SKINOVATORS-1300x649.png\" alt=\"SKINOVATORS\" class=\"wp-image-23593\" srcset=\"https:\/\/desifine.com\/wp-content\/uploads\/2026\/02\/SKINOVATORS-1300x649.png 1300w, https:\/\/desifine.com\/wp-content\/uploads\/2026\/02\/SKINOVATORS-400x200.png 400w, https:\/\/desifine.com\/wp-content\/uploads\/2026\/02\/SKINOVATORS-768x383.png 768w, https:\/\/desifine.com\/wp-content\/uploads\/2026\/02\/SKINOVATORS-1536x766.png 1536w, https:\/\/desifine.com\/wp-content\/uploads\/2026\/02\/SKINOVATORS-18x9.png 18w, https:\/\/desifine.com\/wp-content\/uploads\/2026\/02\/SKINOVATORS.png 1890w\" sizes=\"(max-width: 1300px) 100vw, 1300px\" \/><\/figure>\n\n\n\n<h3 class=\"wp-block-heading\">Pr\u00e9sentation de l'usine <\/h3>\n\n\n\n<ul class=\"wp-block-list\">\n<li>Fournisseur de services complets dans le domaine des cosm\u00e9tiques en marque de distributeur, proposant des produits \u201c Made in Germany \u201d, situ\u00e9 \u00e0 Hessisch Lichtenau, en Allemagne<\/li>\n\n\n\n<li>Certifi\u00e9 cGMP et ISO<\/li>\n\n\n\n<li>Une biblioth\u00e8que de plus de 500 formules en marque blanche comprenant des s\u00e9rums, des ampoules, des masques et d'autres formats<\/li>\n<\/ul>\n\n\n\n<h3 class=\"wp-block-heading\">Comp\u00e9tences cl\u00e9s <\/h3>\n\n\n\n<ul class=\"wp-block-list\">\n<li>Produits phares : s\u00e9rums et ampoules<\/li>\n\n\n\n<li>Conformit\u00e9 des formules aux normes \u00d6ko-Test, Natrue, COSMOS, BDIH et autres<\/li>\n\n\n\n<li>Assistance r\u00e9glementaire aupr\u00e8s de la FDA, de la CFDA et du CPNP ; service complet \u00e0 360\u00b0, incluant l'entreposage et la gestion des commandes<\/li>\n<\/ul>\n\n\n\n<h2 class=\"wp-block-heading\">4. Naturescent (FARAN)<\/h2>\n\n\n\n<p>S'appuyant sur des actifs botaniques naturels issus du d\u00e9sert, <a href=\"https:\/\/www.faran-cosmetic.com\/\" data-type=\"link\" data-id=\"https:\/\/www.faran-cosmetic.com\/\" target=\"_blank\" rel=\"noreferrer noopener nofollow\">Naturescent (FARAN)<\/a> est un fabricant r\u00e9put\u00e9 de s\u00e9rums pour le visage en marque blanche, qui se distingue par des formules uniques. Fond\u00e9e en 1999 \u00e0 Mitzpe Ramon, en Isra\u00ebl, l'usine dispose d'une licence d\u00e9livr\u00e9e par le minist\u00e8re isra\u00e9lien de la Sant\u00e9 et des autorisations officielles d'exportation ; la plupart de ses gammes de produits sont certifi\u00e9es conformes aux normes Ecocert en mati\u00e8re de produits naturels et biologiques. C'est un partenaire de fabrication id\u00e9al pour les marques qui se positionnent sur le march\u00e9 de la \u00ab clean beauty \u00bb et des soins pour peaux sensibles.<\/p>\n\n\n\n<figure class=\"wp-block-image size-large\"><img loading=\"lazy\" decoding=\"async\" width=\"1300\" height=\"650\" src=\"https:\/\/desifine.com\/wp-content\/uploads\/2026\/09\/Naturescent\uff08FARAN\uff09-1300x650.png\" alt=\"Naturescent (FARAN)\" class=\"wp-image-28503\" srcset=\"https:\/\/desifine.com\/wp-content\/uploads\/2026\/09\/Naturescent\uff08FARAN\uff09-1300x650.png 1300w, https:\/\/desifine.com\/wp-content\/uploads\/2026\/09\/Naturescent\uff08FARAN\uff09-400x200.png 400w, https:\/\/desifine.com\/wp-content\/uploads\/2026\/09\/Naturescent\uff08FARAN\uff09-768x384.png 768w, https:\/\/desifine.com\/wp-content\/uploads\/2026\/09\/Naturescent\uff08FARAN\uff09-1536x768.png 1536w, https:\/\/desifine.com\/wp-content\/uploads\/2026\/09\/Naturescent\uff08FARAN\uff09-18x9.png 18w, https:\/\/desifine.com\/wp-content\/uploads\/2026\/09\/Naturescent\uff08FARAN\uff09.png 1896w\" sizes=\"(max-width: 1300px) 100vw, 1300px\" \/><\/figure>\n\n\n\n<h3 class=\"wp-block-heading\">Pr\u00e9sentation de l'usine<\/h3>\n\n\n\n<ul class=\"wp-block-list\">\n<li>Fond\u00e9e en 1999 \u00e0 Mitzpe Ramon, en Isra\u00ebl, l'entreprise op\u00e8re sous la marque commerciale FARAN (Naturescent Ltd.)<\/li>\n\n\n\n<li>Agr\u00e9e par le minist\u00e8re isra\u00e9lien de la Sant\u00e9 et disposant d'une certification compl\u00e8te pour l'exportation<\/li>\n\n\n\n<li>Sp\u00e9cialis\u00e9e dans le d\u00e9veloppement de s\u00e9rums sous marque de distributeur, la plupart de ses formules \u00e9tant certifi\u00e9es par Ecocert dans les cat\u00e9gories \u00ab naturel \u00bb et \u00ab bio \u00bb.<\/li>\n<\/ul>\n\n\n\n<h3 class=\"wp-block-heading\">Comp\u00e9tences cl\u00e9s<\/h3>\n\n\n\n<ul class=\"wp-block-list\">\n<li>Biblioth\u00e8que de formules \u00e9labor\u00e9e \u00e0 partir d'ingr\u00e9dients d'origine naturelle 100%, ax\u00e9e principalement sur des gammes de s\u00e9rums personnalisables en marque de distributeur<\/li>\n\n\n\n<li>Exploite des ressources locales exclusives, notamment les min\u00e9raux de la mer Morte et les extraits de plantes du d\u00e9sert, pour cr\u00e9er des r\u00e9cits uniques autour de ses ingr\u00e9dients<\/li>\n\n\n\n<li>Une formule douce et non irritante, parfaitement adapt\u00e9e aux gammes de soins \u00ab clean beauty \u00bb et aux peaux sensibles<\/li>\n<\/ul>\n\n\n\n<h2 class=\"wp-block-heading\">5. Be Factory<\/h2>\n\n\n\n<p>L'approche commerciale sud-am\u00e9ricaine consiste \u00e0 regrouper la fabrication de marques de distributeur dans plusieurs cat\u00e9gories et l'accompagnement \u00e0 l'exportation, ce qui est le cas de <a href=\"https:\/\/befactory.com.br\/\" target=\"_blank\" data-type=\"link\" data-id=\"https:\/\/befactory.com.br\/\" rel=\"noreferrer noopener nofollow\">Be Factory<\/a>, un fabricant de s\u00e9rums pour le visage en marque blanche. Fond\u00e9e \u00e0 S\u00e3o Paulo, au Br\u00e9sil, en 2011, l'usine s'\u00e9tend sur plus de 4 100 m\u00b2 et fabrique ses produits selon un syst\u00e8me conforme aux bonnes pratiques de fabrication (BPF). Elle propose des solutions compl\u00e8tes aux marques qui souhaitent d\u00e9velopper des gammes de produits combin\u00e9es en tirant parti des capacit\u00e9s de production sud-am\u00e9ricaines.<\/p>\n\n\n\n<figure class=\"wp-block-image size-large\"><img loading=\"lazy\" decoding=\"async\" width=\"1300\" height=\"650\" src=\"https:\/\/desifine.com\/wp-content\/uploads\/2026\/09\/Be-Factory-1300x650.png\" alt=\"Be Factory\" class=\"wp-image-28504\" srcset=\"https:\/\/desifine.com\/wp-content\/uploads\/2026\/09\/Be-Factory-1300x650.png 1300w, https:\/\/desifine.com\/wp-content\/uploads\/2026\/09\/Be-Factory-400x200.png 400w, https:\/\/desifine.com\/wp-content\/uploads\/2026\/09\/Be-Factory-768x384.png 768w, https:\/\/desifine.com\/wp-content\/uploads\/2026\/09\/Be-Factory-1536x768.png 1536w, https:\/\/desifine.com\/wp-content\/uploads\/2026\/09\/Be-Factory-18x9.png 18w, https:\/\/desifine.com\/wp-content\/uploads\/2026\/09\/Be-Factory.png 1897w\" sizes=\"(max-width: 1300px) 100vw, 1300px\" \/><\/figure>\n\n\n\n<h3 class=\"wp-block-heading\">Pr\u00e9sentation de l'usine <\/h3>\n\n\n\n<ul class=\"wp-block-list\">\n<li>Fond\u00e9e en 2011 \u00e0 S\u00e3o Paulo, au Br\u00e9sil, elle se surnomme elle-m\u00eame la \u201c Dream Factory \u201d <\/li>\n\n\n\n<li>Site de plus de 4 100 m\u00b2, production conforme aux normes GMP ; plus de 2 000 tests effectu\u00e9s chaque mois <\/li>\n\n\n\n<li>Des produits export\u00e9s dans plus de 60 pays ; notre gamme de soins de la peau en marque de distributeur comprend des s\u00e9rums, des cr\u00e8mes, des cr\u00e8mes solaires et bien plus encore<\/li>\n<\/ul>\n\n\n\n<h3 class=\"wp-block-heading\">Comp\u00e9tences cl\u00e9s <\/h3>\n\n\n\n<ul class=\"wp-block-list\">\n<li>Les s\u00e9rums pour le visage de marque propre constituent l'un de ses principaux produits de soin de la peau<\/li>\n\n\n\n<li>Une \u00e9quipe interne compos\u00e9e d'ing\u00e9nieurs en chimie et de pharmaciens, qui assure un accompagnement complet, de la formulation \u00e0 l'enregistrement r\u00e9glementaire<\/li>\n\n\n\n<li>Accompagne les marques qui exportent depuis le Br\u00e9sil ; solution particuli\u00e8rement adapt\u00e9e \u00e0 la cr\u00e9ation de collections multiproduits<\/li>\n<\/ul>\n\n\n\n<h2 class=\"wp-block-heading\">6. DEL\u2019LA SOFT<\/h2>\n\n\n\n<p>En mettant l'accent sur les s\u00e9rums hautement actifs, les faibles quantit\u00e9s minimales de commande et la conformit\u00e9 totale \u00e0 la r\u00e9glementation europ\u00e9enne, <a href=\"https:\/\/www.dellasoft.net\/\" target=\"_blank\" data-type=\"link\" data-id=\"https:\/\/www.dellasoft.net\/\" rel=\"noreferrer noopener nofollow\">DEL\u2019LA SOFT<\/a> se distingue comme un fabricant turc comp\u00e9titif de s\u00e9rums pour le visage en marque blanche. Fond\u00e9e \u00e0 Istanbul en 2015, l'usine est titulaire d'une double certification GMP (ISO 22716) et ISO 9001. Elle est particuli\u00e8rement adapt\u00e9e aux marques britanniques et europ\u00e9ennes \u00e0 la recherche de tests de march\u00e9 rapides et d'une production par lots flexible.<\/p>\n\n\n\n<figure class=\"wp-block-image size-large\"><img loading=\"lazy\" decoding=\"async\" width=\"1300\" height=\"649\" src=\"https:\/\/desifine.com\/wp-content\/uploads\/2026\/09\/DELLA-SOFT-1300x649.png\" alt=\"DELLA SOFT\" class=\"wp-image-28505\" srcset=\"https:\/\/desifine.com\/wp-content\/uploads\/2026\/09\/DELLA-SOFT-1300x649.png 1300w, https:\/\/desifine.com\/wp-content\/uploads\/2026\/09\/DELLA-SOFT-400x200.png 400w, https:\/\/desifine.com\/wp-content\/uploads\/2026\/09\/DELLA-SOFT-768x384.png 768w, https:\/\/desifine.com\/wp-content\/uploads\/2026\/09\/DELLA-SOFT-1536x767.png 1536w, https:\/\/desifine.com\/wp-content\/uploads\/2026\/09\/DELLA-SOFT-18x9.png 18w, https:\/\/desifine.com\/wp-content\/uploads\/2026\/09\/DELLA-SOFT.png 1898w\" sizes=\"(max-width: 1300px) 100vw, 1300px\" \/><\/figure>\n\n\n\n<h3 class=\"wp-block-heading\">Pr\u00e9sentation de l'usine<\/h3>\n\n\n\n<ul class=\"wp-block-list\">\n<li>Fond\u00e9e en 2015 \u00e0 Istanbul, en Turquie<\/li>\n\n\n\n<li>Double certification selon les syst\u00e8mes de gestion de la qualit\u00e9 BPF (ISO 22716) et ISO 9001<\/li>\n\n\n\n<li>Formulations conformes aux normes de l'UE, accompagn\u00e9es d'une documentation CPNP compl\u00e8te ; quantit\u00e9 minimale de commande (MOQ) tr\u00e8s faible, \u00e0 partir de 500 unit\u00e9s<\/li>\n<\/ul>\n\n\n\n<h3 class=\"wp-block-heading\">Comp\u00e9tences cl\u00e9s<\/h3>\n\n\n\n<ul class=\"wp-block-list\">\n<li>Sp\u00e9cialis\u00e9e dans les formules s\u00e9riques stables et hautement actives, contenant des principes actifs cibl\u00e9s tels que des peptides, de la niacinamide et de l'acide hyaluronique<\/li>\n\n\n\n<li>Gammes fonctionnelles pr\u00eates \u00e0 l'emploi : s\u00e9rums anti-fatigue pour le visage et s\u00e9rums r\u00e9parateurs de la barri\u00e8re cutan\u00e9e pour hommes<\/li>\n\n\n\n<li>D\u00e9lais de livraison rapides (4 \u00e0 6 semaines) et faible quantit\u00e9 minimale de commande, ce qui est id\u00e9al pour le lancement \u00e0 titre d'essai de nouveaux produits et les it\u00e9rations en petits lots<\/li>\n<\/ul>\n\n\n\n<h2 class=\"wp-block-heading\">7. Produits cosm\u00e9tiques en marque blanche<\/h2>\n\n\n\n<p>La rationalisation du processus de bout en bout, de l'id\u00e9e \u00e0 l'\u00e9tiquette, constitue le principal atout de <a href=\"https:\/\/www.whitelabelcosmetics.co.za\/\" target=\"_blank\" data-type=\"link\" data-id=\"https:\/\/www.whitelabelcosmetics.co.za\/\" rel=\"noreferrer noopener nofollow\">Cosm\u00e9tiques en marque blanche<\/a>, un fabricant professionnel de s\u00e9rums pour le visage en marque blanche bas\u00e9 au Cap, en Afrique du Sud. Exer\u00e7ant son activit\u00e9 dans le strict respect des normes GMP ISO 22716, l'usine dispose d'une biblioth\u00e8que de plus de 3 000 formules pr\u00eates \u00e0 l'emploi et personnalisables. Son mod\u00e8le de production ultra-flexible est particuli\u00e8rement adapt\u00e9 aux start-ups \u00e9mergentes et aux marques de soins de la peau destin\u00e9es aux salons de beaut\u00e9.<\/p>\n\n\n\n<figure class=\"wp-block-image size-large\"><img loading=\"lazy\" decoding=\"async\" width=\"1300\" height=\"650\" src=\"https:\/\/desifine.com\/wp-content\/uploads\/2026\/09\/White-Label-Cosmetics-1300x650.png\" alt=\"Cosm\u00e9tiques en marque blanche\" class=\"wp-image-28506\" srcset=\"https:\/\/desifine.com\/wp-content\/uploads\/2026\/09\/White-Label-Cosmetics-1300x650.png 1300w, https:\/\/desifine.com\/wp-content\/uploads\/2026\/09\/White-Label-Cosmetics-400x200.png 400w, https:\/\/desifine.com\/wp-content\/uploads\/2026\/09\/White-Label-Cosmetics-768x384.png 768w, https:\/\/desifine.com\/wp-content\/uploads\/2026\/09\/White-Label-Cosmetics-1536x768.png 1536w, https:\/\/desifine.com\/wp-content\/uploads\/2026\/09\/White-Label-Cosmetics-18x9.png 18w, https:\/\/desifine.com\/wp-content\/uploads\/2026\/09\/White-Label-Cosmetics.png 1896w\" sizes=\"(max-width: 1300px) 100vw, 1300px\" \/><\/figure>\n\n\n\n<h3 class=\"wp-block-heading\">Pr\u00e9sentation de l'usine<\/h3>\n\n\n\n<ul class=\"wp-block-list\">\n<li>Fabricant de produits cosm\u00e9tiques certifi\u00e9 GMP et ISO 22716, situ\u00e9 au Cap, en Afrique du Sud<\/li>\n\n\n\n<li>Comprend plus de 3 000 formules pr\u00eates \u00e0 l'emploi et personnalisables pour une it\u00e9ration rapide des produits en marque de distributeur<\/li>\n\n\n\n<li>Gamme principale de soins du visage : s\u00e9rums, gels, soins de nuit et huiles nourrissantes ; quantit\u00e9s minimales de commande (MOQ) tr\u00e8s faibles, \u00e0 partir de 200 unit\u00e9s par r\u00e9f\u00e9rence<\/li>\n<\/ul>\n\n\n\n<h3 class=\"wp-block-heading\">Comp\u00e9tences cl\u00e9s<\/h3>\n\n\n\n<ul class=\"wp-block-list\">\n<li>Service complet d\u00e9di\u00e9 aux petites s\u00e9ries, comprenant le remplissage, le scellage, l'\u00e9tiquetage et la production d'\u00e9chantillons<\/li>\n\n\n\n<li>Personnalisation flexible des formulations : texture, parfum et couleur ajustables, et ajout d'ingr\u00e9dients actifs sur mesure<\/li>\n\n\n\n<li>Une formule d'origine naturelle et sans cruaut\u00e9 animale, parfaitement adapt\u00e9e aux start-ups ind\u00e9pendantes, aux boutiques de beaut\u00e9 et aux gammes exclusives des salons de coiffure<\/li>\n<\/ul>\n\n\n\n<h2 class=\"wp-block-heading\">8. Designer Skincare NZ<\/h2>\n\n\n\n<p>Allier le savoir-faire industriel n\u00e9o-z\u00e9landais \u00e0 des formules issues des sciences naturelles, tel est le positionnement cl\u00e9 de <a href=\"https:\/\/www.designerskincarenz.co.nz\/\" target=\"_blank\" data-type=\"link\" data-id=\"https:\/\/www.designerskincarenz.co.nz\/\" rel=\"noreferrer noopener nofollow\">Soins de la peau haut de gamme en Nouvelle-Z\u00e9lande<\/a>, un fabricant haut de gamme de s\u00e9rums pour le visage en marque blanche, bas\u00e9 \u00e0 Blenheim, dans la r\u00e9gion de Marlborough. Dot\u00e9e d\u2019une certification GMP ISO 22716 compl\u00e8te, l\u2019usine est sp\u00e9cialis\u00e9e dans les soins de la peau artisanaux sur mesure, ce qui en fait un partenaire id\u00e9al pour les marques souhaitant mettre en avant l\u2019origine de leurs produits haut de gamme et proposer des gammes de produits \u00ab clean \u00bb, fond\u00e9es sur des donn\u00e9es scientifiques.<\/p>\n\n\n\n<figure class=\"wp-block-image size-large\"><img loading=\"lazy\" decoding=\"async\" width=\"1300\" height=\"650\" src=\"https:\/\/desifine.com\/wp-content\/uploads\/2026\/09\/Designer-Skincare-NZ-1300x650.png\" alt=\"Soins de la peau haut de gamme en Nouvelle-Z\u00e9lande\" class=\"wp-image-28507\" srcset=\"https:\/\/desifine.com\/wp-content\/uploads\/2026\/09\/Designer-Skincare-NZ-1300x650.png 1300w, https:\/\/desifine.com\/wp-content\/uploads\/2026\/09\/Designer-Skincare-NZ-400x200.png 400w, https:\/\/desifine.com\/wp-content\/uploads\/2026\/09\/Designer-Skincare-NZ-768x384.png 768w, https:\/\/desifine.com\/wp-content\/uploads\/2026\/09\/Designer-Skincare-NZ-1536x768.png 1536w, https:\/\/desifine.com\/wp-content\/uploads\/2026\/09\/Designer-Skincare-NZ-18x9.png 18w, https:\/\/desifine.com\/wp-content\/uploads\/2026\/09\/Designer-Skincare-NZ.png 1896w\" sizes=\"(max-width: 1300px) 100vw, 1300px\" \/><\/figure>\n\n\n\n<h3 class=\"wp-block-heading\">Pr\u00e9sentation de l'usine<\/h3>\n\n\n\n<ul class=\"wp-block-list\">\n<li>Fabricant haut de gamme de produits de soins de la peau en marque de distributeur, certifi\u00e9 GMP et ISO 22716, situ\u00e9 \u00e0 Blenheim, en Nouvelle-Z\u00e9lande<\/li>\n\n\n\n<li>Se positionne comme un prestataire professionnel proposant des solutions artisanales sur mesure pour les soins de la peau<\/li>\n\n\n\n<li>Une gamme compl\u00e8te de produits comprenant des soins pour le visage, des cr\u00e8mes, des s\u00e9rums et des lotions<\/li>\n<\/ul>\n\n\n\n<h3 class=\"wp-block-heading\">Comp\u00e9tences cl\u00e9s<\/h3>\n\n\n\n<ul class=\"wp-block-list\">\n<li>Propose des solutions cl\u00e9s en main compl\u00e8tes, du laboratoire \u00e0 l'\u00e9tiquette, couvrant la R&amp;D, le transfert de technologie, la fabrication, le conditionnement et le contr\u00f4le qualit\u00e9 final<\/li>\n\n\n\n<li>Le syst\u00e8me interne de contr\u00f4le qualit\u00e9 comprend des tests professionnels portant sur le pH, la s\u00e9curit\u00e9 microbiologique, la stabilit\u00e9 et la viscosit\u00e9.<\/li>\n\n\n\n<li>Allie des principes actifs de niche uniques \u00e0 l'histoire des mati\u00e8res premi\u00e8res locales n\u00e9o-z\u00e9landaises<\/li>\n\n\n\n<li>Une capacit\u00e9 de production flexible permettant de prendre en charge des projets allant des essais en petites s\u00e9ries \u00e0 la production de masse \u00e0 grande \u00e9chelle<\/li>\n<\/ul>\n\n\n\n<h2 class=\"wp-block-heading\">9. Lunalabs M\u00e9xico<\/h2>\n\n\n\n<p>La formulation de s\u00e9rums correcteurs ax\u00e9s sur la dermatologie d\u00e9finit le positionnement de Lunalabs M\u00e9xico, un fabricant de s\u00e9rums pour le visage en marque blanche bas\u00e9 \u00e0 Saltillo, au Mexique. Ma\u00eetrisant parfaitement les proc\u00e9dures r\u00e9glementaires locales, cette usine constitue un partenaire pr\u00e9cieux pour les marques qui ciblent les march\u00e9s nord-am\u00e9ricain et latino-am\u00e9ricain.<\/p>\n\n\n\n<figure class=\"wp-block-image size-large\"><img loading=\"lazy\" decoding=\"async\" width=\"1300\" height=\"650\" src=\"https:\/\/desifine.com\/wp-content\/uploads\/2026\/06\/Lunalabs-Mexico-1300x650.png\" alt=\"Lunalabs Mexique\" class=\"wp-image-27679\" srcset=\"https:\/\/desifine.com\/wp-content\/uploads\/2026\/06\/Lunalabs-Mexico-1300x650.png 1300w, https:\/\/desifine.com\/wp-content\/uploads\/2026\/06\/Lunalabs-Mexico-400x200.png 400w, https:\/\/desifine.com\/wp-content\/uploads\/2026\/06\/Lunalabs-Mexico-768x384.png 768w, https:\/\/desifine.com\/wp-content\/uploads\/2026\/06\/Lunalabs-Mexico-1536x768.png 1536w, https:\/\/desifine.com\/wp-content\/uploads\/2026\/06\/Lunalabs-Mexico-18x9.png 18w, https:\/\/desifine.com\/wp-content\/uploads\/2026\/06\/Lunalabs-Mexico.png 1896w\" sizes=\"(max-width: 1300px) 100vw, 1300px\" \/><\/figure>\n\n\n\n<h3 class=\"wp-block-heading\">Pr\u00e9sentation de l'usine <\/h3>\n\n\n\n<ul class=\"wp-block-list\">\n<li>Site de fabrication de formulations cosm\u00e9tiques dermatologiques et ax\u00e9es sur la performance, situ\u00e9 \u00e0 Saltillo, au Mexique <\/li>\n\n\n\n<li>Propose des services de \u00ab maquila \u00bb (fabrication sous marque de distributeur \/ \u00e0 fa\u00e7on) pour les produits cosm\u00e9tiques et les produits cosm\u00e9ceutiques <\/li>\n\n\n\n<li>Connaissance approfondie des proc\u00e9dures r\u00e9glementaires mexicaines, avec des exigences relativement souples en mati\u00e8re de quantit\u00e9s minimales de commande (MOQ)<\/li>\n<\/ul>\n\n\n\n<h3 class=\"wp-block-heading\">Comp\u00e9tences cl\u00e9s <\/h3>\n\n\n\n<ul class=\"wp-block-list\">\n<li>Un positionnement clair des produits pour les s\u00e9rums correcteurs, les gammes destin\u00e9es aux peaux sensibles et les solutions d'emballage de type clinique <\/li>\n\n\n\n<li>Prestation cl\u00e9 en main couvrant l'ensemble de la cha\u00eene, de la R&amp;D au conditionnement, en passant par la conception graphique et l'impression des \u00e9tiquettes <\/li>\n\n\n\n<li>Tire parti de son site de production mexicain pour \u00e9tendre sa pr\u00e9sence sur les march\u00e9s du Mexique, d'Am\u00e9rique du Nord et d'Am\u00e9rique latine<\/li>\n<\/ul>\n\n\n\n<h2 class=\"wp-block-heading\">R\u00e9sum\u00e9<\/h2>\n\n\n\n<p>La formulation d\u2019actifs stables dans des s\u00e9rums pour le visage pr\u00eats \u00e0 \u00eatre commercialis\u00e9s sous marque de distributeur met \u00e0 l\u2019\u00e9preuve l\u2019expertise d\u2019un fabricant en mati\u00e8re de formulation, sa ma\u00eetrise de la documentation r\u00e9glementaire et sa flexibilit\u00e9 en termes de livraison, bien plus que le seul prix. Les diff\u00e9rents fabricants de s\u00e9rums pour le visage en marque blanche pr\u00e9sentent des compromis distincts en mati\u00e8re d\u2019orientation produit, de quantit\u00e9s minimales de commande et de formalit\u00e9s r\u00e9glementaires associ\u00e9es. En mettant en ad\u00e9quation les fournisseurs avec vos march\u00e9s cibles et les arguments de vente de votre marque, vous trouverez le partenaire le plus adapt\u00e9.<\/p>\n\n\n\n<p>Si vous recherchez un fabricant qualifi\u00e9 de s\u00e9rums pour le visage en marque blanche pour votre marque de soins de la peau, <strong><a href=\"https:\/\/desifine.com\/fr\/contact-us\/\" data-type=\"link\" data-id=\"https:\/\/desifine.com\/contact-us\/\">N'h\u00e9sitez pas \u00e0 nous contacter<\/a><\/strong>.<\/p>","protected":false},"excerpt":{"rendered":"<p>How to select white label facial serum manufacturers is a recurring question whenever I screen manufacturing partners for skincare brands. It is far less common than you might think to find a white\u2011label facial serum manufacturer that can stabilize actives such as hyaluronic acid, niacinamide and peptides in a ready\u2011to\u2011private\u2011label serum, while also handling compliance [&hellip;]<\/p>\n","protected":false},"author":1,"featured_media":25967,"comment_status":"closed","ping_status":"","sticky":false,"template":"","format":"standard","meta":{"_acf_changed":false,"site-sidebar-layout":"default","site-content-layout":"","ast-site-content-layout":"default","site-content-style":"default","site-sidebar-style":"default","ast-global-header-display":"","ast-banner-title-visibility":"","ast-main-header-display":"","ast-hfb-above-header-display":"","ast-hfb-below-header-display":"","ast-hfb-mobile-header-display":"","site-post-title":"","ast-breadcrumbs-content":"","ast-featured-img":"","footer-sml-layout":"","ast-disable-related-posts":"","theme-transparent-header-meta":"","adv-header-id-meta":"","stick-header-meta":"","header-above-stick-meta":"","header-main-stick-meta":"","header-below-stick-meta":"","astra-migrate-meta-layouts":"set","ast-page-background-enabled":"default","ast-page-background-meta":{"desktop":{"background-color":"","background-image":"","background-repeat":"repeat","background-position":"center center","background-size":"auto","background-attachment":"scroll","background-type":"","background-media":"","overlay-type":"","overlay-color":"","overlay-opacity":"","overlay-gradient":""},"tablet":{"background-color":"","background-image":"","background-repeat":"repeat","background-position":"center center","background-size":"auto","background-attachment":"scroll","background-type":"","background-media":"","overlay-type":"","overlay-color":"","overlay-opacity":"","overlay-gradient":""},"mobile":{"background-color":"","background-image":"","background-repeat":"repeat","background-position":"center center","background-size":"auto","background-attachment":"scroll","background-type":"","background-media":"","overlay-type":"","overlay-color":"","overlay-opacity":"","overlay-gradient":""}},"ast-content-background-meta":{"desktop":{"background-color":"var(--ast-global-color-5)","background-image":"","background-repeat":"repeat","background-position":"center center","background-size":"auto","background-attachment":"scroll","background-type":"","background-media":"","overlay-type":"","overlay-color":"","overlay-opacity":"","overlay-gradient":""},"tablet":{"background-color":"var(--ast-global-color-5)","background-image":"","background-repeat":"repeat","background-position":"center center","background-size":"auto","background-attachment":"scroll","background-type":"","background-media":"","overlay-type":"","overlay-color":"","overlay-opacity":"","overlay-gradient":""},"mobile":{"background-color":"var(--ast-global-color-5)","background-image":"","background-repeat":"repeat","background-position":"center center","background-size":"auto","background-attachment":"scroll","background-type":"","background-media":"","overlay-type":"","overlay-color":"","overlay-opacity":"","overlay-gradient":""}},"footnotes":""},"categories":[1],"tags":[],"class_list":["post-28499","post","type-post","status-publish","format-standard","has-post-thumbnail","hentry","category-desifine"],"acf":[],"_links":{"self":[{"href":"https:\/\/desifine.com\/fr\/wp-json\/wp\/v2\/posts\/28499","targetHints":{"allow":["GET"]}}],"collection":[{"href":"https:\/\/desifine.com\/fr\/wp-json\/wp\/v2\/posts"}],"about":[{"href":"https:\/\/desifine.com\/fr\/wp-json\/wp\/v2\/types\/post"}],"author":[{"embeddable":true,"href":"https:\/\/desifine.com\/fr\/wp-json\/wp\/v2\/users\/1"}],"replies":[{"embeddable":true,"href":"https:\/\/desifine.com\/fr\/wp-json\/wp\/v2\/comments?post=28499"}],"version-history":[{"count":5,"href":"https:\/\/desifine.com\/fr\/wp-json\/wp\/v2\/posts\/28499\/revisions"}],"predecessor-version":[{"id":28509,"href":"https:\/\/desifine.com\/fr\/wp-json\/wp\/v2\/posts\/28499\/revisions\/28509"}],"wp:featuredmedia":[{"embeddable":true,"href":"https:\/\/desifine.com\/fr\/wp-json\/wp\/v2\/media\/25967"}],"wp:attachment":[{"href":"https:\/\/desifine.com\/fr\/wp-json\/wp\/v2\/media?parent=28499"}],"wp:term":[{"taxonomy":"category","embeddable":true,"href":"https:\/\/desifine.com\/fr\/wp-json\/wp\/v2\/categories?post=28499"},{"taxonomy":"post_tag","embeddable":true,"href":"https:\/\/desifine.com\/fr\/wp-json\/wp\/v2\/tags?post=28499"}],"curies":[{"name":"wp","href":"https:\/\/api.w.org\/{rel}","templated":true}]}}