{"id":26160,"date":"2026-04-29T17:21:36","date_gmt":"2026-04-29T09:21:36","guid":{"rendered":"https:\/\/desifine.com\/"},"modified":"2026-04-29T17:21:38","modified_gmt":"2026-04-29T09:21:38","slug":"9-trusted-private-label-hair-conditioner-manufacturers","status":"publish","type":"post","link":"https:\/\/desifine.com\/es\/9-trusted-private-label-hair-conditioner-manufacturers\/","title":{"rendered":"9 Fabricantes de confianza de acondicionadores capilares de marca blanca"},"content":{"rendered":"<p>Para los empresarios que desean introducirse en el sector del cuidado personal, la selecci\u00f3n del fabricante de acondicionadores para el cabello de marca blanca adecuado suele determinar el \u00e9xito de una marca desde su creaci\u00f3n hasta su lanzamiento.<\/p>\n\n\n\n<p>El mercado mundial de acondicionadores capilares se valor\u00f3 en aproximadamente 1.000 millones de euros. <strong>5.040 millones USD<\/strong> en 2025 y se prev\u00e9 que alcance <strong>9 620 millones USD<\/strong> en 2034, con una tasa de crecimiento anual compuesto de 7,73%.<\/p>\n\n\n\n<p>Los consumidores modernos son cada vez m\u00e1s exigentes con los productos para el cuidado del cabello. Buscan beneficios tangibles de reparaci\u00f3n y nutrici\u00f3n, al tiempo que esperan f\u00f3rmulas suaves y una aplicaci\u00f3n segura. Adem\u00e1s, los ingredientes exclusivos y de alta calidad se han convertido en un factor clave que influye en las decisiones de compra.<\/p>\n\n\n\n<p>Por ello, la elecci\u00f3n de un socio fabricante OEM determina directamente si sus productos pueden destacar en un mercado competitivo. A continuaci\u00f3n se enumeran nueve fabricantes de acondicionadores para el cabello de marcas blancas cuidadosamente seleccionados, cada uno con puntos fuertes distintos. Con un posicionamiento \u00fanico en el mercado y tecnolog\u00edas profesionales, son capaces de satisfacer las diversas necesidades de las distintas marcas.<\/p>\n\n\n\n<h2 class=\"wp-block-heading\">Resumen r\u00e1pido<\/h2>\n\n\n\n<figure class=\"wp-block-table\"><table class=\"has-fixed-layout\"><tbody><tr><td class=\"has-text-align-center\" data-align=\"center\"><strong>Nombre del fabricante<\/strong><\/td><td class=\"has-text-align-center\" data-align=\"center\"><strong>Ubicaci\u00f3n<\/strong><\/td><td class=\"has-text-align-center\" data-align=\"center\"><strong>Principales ventajas<\/strong><\/td><td class=\"has-text-align-center\" data-align=\"center\"><strong>\u00c1rea de especialidad<\/strong><\/td><\/tr><tr><td class=\"has-text-align-center\" data-align=\"center\">Metro Private Label<\/td><td class=\"has-text-align-center\" data-align=\"center\">Florida, EE.UU.<\/td><td class=\"has-text-align-center\" data-align=\"center\">F\u00f3rmula adaptada al comercio electr\u00f3nico, soporte de lanzamiento r\u00e1pido<\/td><td class=\"has-text-align-center\" data-align=\"center\">Acondicionador orientado a las tendencias, producci\u00f3n de lotes peque\u00f1os<\/td><\/tr><tr><td class=\"has-text-align-center\" data-align=\"center\">DESIFINE<\/td><td class=\"has-text-align-center\" data-align=\"center\">Guangzhou, China<\/td><td class=\"has-text-align-center\" data-align=\"center\">Herencia t\u00e9cnica alemana, tecnolog\u00eda patentada de no emulsificaci\u00f3n, triple certificaci\u00f3n GMPC e ISO<\/td><td class=\"has-text-align-center\" data-align=\"center\">Acondicionador reparador profundo, acondicionador funcional de alta penetraci\u00f3n, cuidado capilar profesional de categor\u00eda completa<\/td><\/tr><tr><td class=\"has-text-align-center\" data-align=\"center\">Pravada Marca Blanca<\/td><td class=\"has-text-align-center\" data-align=\"center\">Florida, EE.UU.<\/td><td class=\"has-text-align-center\" data-align=\"center\">M\u00e1s de 200 f\u00f3rmulas naturales y ecol\u00f3gicas, pedido m\u00ednimo reducido<\/td><td class=\"has-text-align-center\" data-align=\"center\">Acondicionador Natural\/Org\u00e1nico, Gama Completa de Productos de Limpieza y Belleza<\/td><\/tr><tr><td class=\"has-text-align-center\" data-align=\"center\">HSA Cosm\u00e9ticos<\/td><td class=\"has-text-align-center\" data-align=\"center\">Varese, Italia<\/td><td class=\"has-text-align-center\" data-align=\"center\">M\u00e1s de 40 a\u00f1os de experiencia en el cuidado del cabello, aut\u00e9nticamente made in Italy.<\/td><td class=\"has-text-align-center\" data-align=\"center\">Acondicionadores profesionales, gama completa de productos para el cuidado y peinado del cabello<\/td><\/tr><tr><td class=\"has-text-align-center\" data-align=\"center\">Grupo Intercos<\/td><td class=\"has-text-align-center\" data-align=\"center\">Mil\u00e1n, Italia<\/td><td class=\"has-text-align-center\" data-align=\"center\">Uno de los mayores ODM de cosm\u00e9ticos del mundo, con capacidades de I+D de primer nivel en el sector.<\/td><td class=\"has-text-align-center\" data-align=\"center\">Acondicionadores de gama alta, productos para el cuidado de la piel y maquillaje de categor\u00eda completa<\/td><\/tr><tr><td class=\"has-text-align-center\" data-align=\"center\">KDC\/UNO<\/td><td class=\"has-text-align-center\" data-align=\"center\">Longueuil, Canad\u00e1<\/td><td class=\"has-text-align-center\" data-align=\"center\">Personalizaci\u00f3n global de gama alta e I+D innovadora, capacidades de integraci\u00f3n entre categor\u00edas<\/td><td class=\"has-text-align-center\" data-align=\"center\">Acondicionadores, productos de cuidado de la piel, maquillaje y perfumes de alta gama<\/td><\/tr><tr><td class=\"has-text-align-center\" data-align=\"center\">Grupo Beauty Quest<\/td><td class=\"has-text-align-center\" data-align=\"center\">Nueva York \/ Nueva Jersey, EE.UU.<\/td><td class=\"has-text-align-center\" data-align=\"center\">Profundamente arraigada en los canales de los salones profesionales, integra la fabricaci\u00f3n y la distribuci\u00f3n.<\/td><td class=\"has-text-align-center\" data-align=\"center\">Acondicionador de sal\u00f3n, reparador post coloraci\u00f3n, productos de estilismo<\/td><\/tr><tr><td class=\"has-text-align-center\" data-align=\"center\">Laboratorio Vert<\/td><td class=\"has-text-align-center\" data-align=\"center\">Londres, Reino Unido<\/td><td class=\"has-text-align-center\" data-align=\"center\">F\u00f3rmulas naturales sostenibles, fabricaci\u00f3n sin emisiones de carbono<\/td><td class=\"has-text-align-center\" data-align=\"center\">Acondicionador Natural\/Org\u00e1nico, Vegano, Seguro para los Arrecifes<\/td><\/tr><tr><td class=\"has-text-align-center\" data-align=\"center\">Grupo Cosm\u00e9tico Mann &amp; Schr\u00f6der<\/td><td class=\"has-text-align-center\" data-align=\"center\">Alemania<\/td><td class=\"has-text-align-center\" data-align=\"center\">M\u00e1s de 70 a\u00f1os de fabricaci\u00f3n alemana, servicios de marca propia de categor\u00eda completa<\/td><td class=\"has-text-align-center\" data-align=\"center\">Gama completa de acondicionadores, champ\u00fas y productos de cuidado corporal<\/td><\/tr><\/tbody><\/table><\/figure>\n\n\n\n<h2 class=\"wp-block-heading\">1.Metro Marca blanca<\/h2>\n\n\n\n<p>Si sue\u00f1a con construir r\u00e1pidamente su l\u00ednea de productos con f\u00f3rmulas desarrolladas por un equipo profesional de qu\u00edmicos y alineadas con las tendencias modernas del comercio electr\u00f3nico, <a href=\"https:\/\/www.metroprivatelabel.com\/\" data-type=\"link\" data-id=\"https:\/\/www.metroprivatelabel.com\/\" target=\"_blank\" rel=\"noopener\">Metro Private Label<\/a> Conocida por su flexibilidad como fabricante de cosm\u00e9ticos de marca blanca, esta empresa estadounidense posee un profundo conocimiento del mercado del comercio electr\u00f3nico y de las demandas mundiales, y ofrece una experiencia excepcional a la hora de ayudar a las marcas a realizar pruebas de mercado r\u00e1pidas y lograr lanzamientos de productos veloces.<\/p>\n\n\n\n<figure class=\"wp-block-image size-large\"><img fetchpriority=\"high\" decoding=\"async\" width=\"1300\" height=\"646\" src=\"https:\/\/desifine.com\/wp-content\/uploads\/2025\/12\/Metro-Private-Label-1300x646.png\" alt=\"Metro Private Label\" class=\"wp-image-23113\" srcset=\"https:\/\/desifine.com\/wp-content\/uploads\/2025\/12\/Metro-Private-Label-1300x646.png 1300w, https:\/\/desifine.com\/wp-content\/uploads\/2025\/12\/Metro-Private-Label-400x199.png 400w, https:\/\/desifine.com\/wp-content\/uploads\/2025\/12\/Metro-Private-Label-768x382.png 768w, https:\/\/desifine.com\/wp-content\/uploads\/2025\/12\/Metro-Private-Label-1536x763.png 1536w, https:\/\/desifine.com\/wp-content\/uploads\/2025\/12\/Metro-Private-Label-18x9.png 18w, https:\/\/desifine.com\/wp-content\/uploads\/2025\/12\/Metro-Private-Label.png 1902w\" sizes=\"(max-width: 1300px) 100vw, 1300px\" \/><\/figure>\n\n\n\n<ul class=\"wp-block-list\">\n<li><strong>Establecido<\/strong>: 1998<\/li>\n\n\n\n<li><strong>Ubicaci\u00f3n<\/strong>: Florida, EE.UU., con una red mundial de socios para apoyar las exportaciones<\/li>\n\n\n\n<li><strong>Actividad principal<\/strong>: Cuidado de la piel, el cabello y el cuerpo, centrado en la fabricaci\u00f3n de marcas blancas<\/li>\n\n\n\n<li><strong>Modelo de servicio<\/strong>: Desarrollo de f\u00f3rmulas personalizadas, producci\u00f3n de lotes peque\u00f1os y fabricaci\u00f3n de productos acabados<\/li>\n\n\n\n<li><strong>Principales certificaciones y logros<\/strong>: Conforme a las GMP, con un equipo profesional de qu\u00edmicos in situ<\/li>\n<\/ul>\n\n\n\n<h3 class=\"wp-block-heading\">Competencias b\u00e1sicas<\/h3>\n\n\n\n<ul class=\"wp-block-list\">\n<li><strong>Desarrollo orientado al mercado<\/strong>: La l\u00ednea de acondicionadores de marca blanca de Metro no se desarrolla a puerta cerrada. Sigue de cerca las tendencias en Amazon, TikTok y otras plataformas, as\u00ed como las necesidades pr\u00e1cticas de las cl\u00ednicas de belleza. Sus champ\u00fas, acondicionadores y productos para el cuidado del cuero cabelludo abordan con precisi\u00f3n problemas comunes como la sensibilidad del cuero cabelludo, la ca\u00edda del cabello y el mantenimiento diario del cuero cabelludo.<\/li>\n\n\n\n<li><strong>Barrera de entrada ultrabaja<\/strong>: El fabricante es conocido por su bajo MOQ, a partir de solo 500 unidades, lo que resulta muy atractivo para las nuevas marcas y los peque\u00f1os y medianos vendedores de comercio electr\u00f3nico en la fase de prueba de mercado del producto. Agiliza el proceso de desarrollo del producto y lo convierte en una soluci\u00f3n integral, desde el concepto hasta la entrega final.<\/li>\n\n\n\n<li><strong>Adaptabilidad de toda la cadena<\/strong>: M\u00e1s all\u00e1 de la eficacia de los productos, Metro tambi\u00e9n ofrece opciones de embalaje profesional y apoyo log\u00edstico, garantizando que los productos mantengan un atractivo visual de primera calidad y la seguridad del transporte para las ventas minoristas en l\u00ednea.<\/li>\n<\/ul>\n\n\n\n<h3 class=\"wp-block-heading\">Marcas adecuadas<\/h3>\n\n\n\n<p>Marcas emergentes globales centradas en canales DTC en l\u00ednea, que desean lanzar r\u00e1pidamente productos con f\u00f3rmulas maduras probadas y comprobar la respuesta del mercado.<\/p>\n\n\n\n<h2 class=\"wp-block-heading\">2.<a href=\"https:\/\/desifine.com\/es\/\" data-type=\"link\" data-id=\"https:\/\/desifine.com\/\">DESIFINE<\/a><\/h2>\n\n\n\n<p>Si su objetivo es construir un foso de marca inquebrantable a trav\u00e9s de una I+D profesional en profundidad en lugar de un simple etiquetado privado, DESIFINE es un socio que bien merece su seria consideraci\u00f3n.Fundada en 2000 y con sede en Guangzhou, China, DESIFINE es un fabricante ODM\/OEM de acondicionadores para el cabello de marca privada impulsado por la tecnolog\u00eda alemana. Con un s\u00f3lido historial de empresa conjunta chino-alemana, ha introducido plenamente la tecnolog\u00eda y el sistema de gesti\u00f3n de calidad de Henkel Alemania.<\/p>\n\n\n\n<figure class=\"wp-block-image size-large\"><img decoding=\"async\" width=\"1300\" height=\"632\" src=\"https:\/\/desifine.com\/wp-content\/uploads\/2025\/11\/DESIFINE-1300x632.png\" alt=\"DESIFINE\" class=\"wp-image-22770\" srcset=\"https:\/\/desifine.com\/wp-content\/uploads\/2025\/11\/DESIFINE-1300x632.png 1300w, https:\/\/desifine.com\/wp-content\/uploads\/2025\/11\/DESIFINE-400x195.png 400w, https:\/\/desifine.com\/wp-content\/uploads\/2025\/11\/DESIFINE-768x373.png 768w, https:\/\/desifine.com\/wp-content\/uploads\/2025\/11\/DESIFINE-1536x747.png 1536w, https:\/\/desifine.com\/wp-content\/uploads\/2025\/11\/DESIFINE-18x9.png 18w, https:\/\/desifine.com\/wp-content\/uploads\/2025\/11\/DESIFINE.png 1894w\" sizes=\"(max-width: 1300px) 100vw, 1300px\" \/><\/figure>\n\n\n\n<ul class=\"wp-block-list\">\n<li><strong>Establecido<\/strong>: 2000<\/li>\n\n\n\n<li><strong>Ubicaci\u00f3n<\/strong>: Distrito de Nansha, ciudad de Guangzhou, provincia de Guangdong, China. <\/li>\n\n\n\n<li><strong>Actividad principal<\/strong>: Acondicionador reparador de alta eficacia, acondicionador espec\u00edfico para el cuero cabelludo, acondicionador profundo sin aclarado, que cubre una gama completa de productos para el cuidado del cabello.<\/li>\n\n\n\n<li><strong>Modos de servicio<\/strong>: OEM, ODM, OBM.<\/li>\n\n\n\n<li><strong>Principales certificaciones y logros<\/strong>: Posee las cualificaciones GMPC, ISO 22716 y de exportaci\u00f3n de productos b\u00e1sicos. La tasa de cualificaci\u00f3n de productos se mantiene constantemente por encima de 99%, con un cribado microbiano y de al\u00e9rgenos totalmente alineado con las normas de la UE.<\/li>\n<\/ul>\n\n\n\n<h3 class=\"wp-block-heading\">Competencias b\u00e1sicas<\/h3>\n\n\n\n<ul class=\"wp-block-list\">\n<li><strong>Tecnolog\u00eda artesanal alemana de no emulsificaci\u00f3n<\/strong>: DESIFINE adopta de forma innovadora la tecnolog\u00eda patentada de no emulsificaci\u00f3n en la fabricaci\u00f3n de acondicionadores de marca blanca, abandonando por completo el sistema emulsionante tradicional. Esta tecnolog\u00eda no solo permite una combinaci\u00f3n precisa de las fases acuosa y oleosa, sino que tambi\u00e9n permite una penetraci\u00f3n eficaz en el estrato c\u00f3rneo al tiempo que reduce significativamente el uso de aditivos qu\u00edmicos, logrando un equilibrio perfecto entre una sensaci\u00f3n suave en la piel y potentes efectos reparadores.<\/li>\n\n\n\n<li><strong>Sistema de absorci\u00f3n transd\u00e9rmica liposomal<\/strong>: La empresa aplica la tecnolog\u00eda de encapsulaci\u00f3n liposomal para procesar los ingredientes activos, lo que les permite penetrar sin problemas en las barreras naturales de las hebras capilares y el cuero cabelludo, al igual que las membranas celulares. Aumenta enormemente la tasa de absorci\u00f3n y la eficacia duradera de ingredientes de alto valor como la cafe\u00edna, los amino\u00e1cidos y las ceramidas.<\/li>\n\n\n\n<li><strong>Amplia biblioteca de f\u00f3rmulas maduras<\/strong>: Dirigido por el Dr. Rolf Lentfer, Consultor Jefe de I+D con 51 a\u00f1os de experiencia en I+D en el Grupo Henkel, DESIFINE ha acumulado m\u00e1s de 10.000 f\u00f3rmulas maduras. Su completa cartera de productos abarca acondicionadores reparadores en profundidad, acondicionadores alisadores diarios sin aclarado y acondicionadores vegetales para el cuidado del cuero cabelludo sensible, satisfaciendo plenamente las demandas de las marcas en todas las fases de desarrollo.<\/li>\n<\/ul>\n\n\n\n<h3 class=\"wp-block-heading\">Marcas adecuadas<\/h3>\n\n\n\n<p>Marcas profesionales de cuidado del cabello que aspiran a pulir productos con los rigurosos sistemas de I+D y normas de fabricaci\u00f3n alemanes, y buscan barreras t\u00e9cnicas en la diferenciaci\u00f3n de f\u00f3rmulas y la verificaci\u00f3n de la eficacia. Es ideal para marcas de gama media-alta de cuidado de la piel y del cabello que buscan ventajas competitivas en el mercado mundial de la belleza.<\/p>\n\n\n\n<h2 class=\"wp-block-heading\">3.Pravada Private Label<\/h2>\n\n\n\n<p>Para las marcas que se adhieren a un posicionamiento natural y org\u00e1nico y persiguen f\u00f3rmulas ultrapuras, <a href=\"https:\/\/www.pravadaprivatelabel.com\/\" data-type=\"link\" data-id=\"https:\/\/www.pravadaprivatelabel.com\/\" target=\"_blank\" rel=\"noopener\">Pravada<\/a> es sin duda un firme candidato a la asociaci\u00f3n.<\/p>\n\n\n\n<p>Con sede en Florida (EE. UU.), Pravada es un fabricante de marcas blancas especializado en servicios personalizados de fabricaci\u00f3n de productos naturales para el cuidado de la piel y el cabello desde 2010. Se compromete a ayudar a las marcas a lanzar l\u00edneas de productos de belleza limpia de forma sencilla y alineada con la naturaleza.<\/p>\n\n\n\n<figure class=\"wp-block-image size-large\"><img decoding=\"async\" width=\"1300\" height=\"646\" src=\"https:\/\/desifine.com\/wp-content\/uploads\/2025\/12\/Pravada-1300x646.png\" alt=\"pravada\" class=\"wp-image-23093\" srcset=\"https:\/\/desifine.com\/wp-content\/uploads\/2025\/12\/Pravada-1300x646.png 1300w, https:\/\/desifine.com\/wp-content\/uploads\/2025\/12\/Pravada-400x199.png 400w, https:\/\/desifine.com\/wp-content\/uploads\/2025\/12\/Pravada-768x382.png 768w, https:\/\/desifine.com\/wp-content\/uploads\/2025\/12\/Pravada-1536x764.png 1536w, https:\/\/desifine.com\/wp-content\/uploads\/2025\/12\/Pravada-18x9.png 18w, https:\/\/desifine.com\/wp-content\/uploads\/2025\/12\/Pravada.png 1901w\" sizes=\"(max-width: 1300px) 100vw, 1300px\" \/><\/figure>\n\n\n\n<ul class=\"wp-block-list\">\n<li><strong>Fundada<\/strong>: 2010<\/li>\n\n\n\n<li><strong>Ubicaci\u00f3n<\/strong>: Naples, Florida, EE.UU.<\/li>\n\n\n\n<li><strong>Actividad principal<\/strong>: Productos naturales\/org\u00e1nicos para el cuidado de la piel, el cabello y el cuerpo<\/li>\n\n\n\n<li><strong>Modos de servicio<\/strong>: Fabricaci\u00f3n de marcas blancas, desarrollo de f\u00f3rmulas personalizadas, producci\u00f3n de productos acabados<\/li>\n\n\n\n<li><strong>Principales certificaciones y puntos fuertes<\/strong>: Ofrece m\u00e1s de 200 f\u00f3rmulas seleccionadas, utiliza un alto porcentaje de ingredientes naturales y ecol\u00f3gicos certificados, y respeta las normas de ausencia de crueldad.<\/li>\n<\/ul>\n\n\n\n<h3 class=\"wp-block-heading\">Competencias b\u00e1sicas<\/h3>\n\n\n\n<ul class=\"wp-block-list\">\n<li><strong>I+D profesional de f\u00f3rmulas y producci\u00f3n flexible<\/strong>: Todas las f\u00f3rmulas de acondicionadores capilares de marca blanca de Pravada son desarrolladas por qu\u00edmicos de la propia empresa y sometidas a rigurosas pruebas de estabilidad y eficacia. Su cartera de productos incluye acondicionadores hidratantes, reparadores, definidores del cabello rizado y calmantes del cuero cabelludo, para diversos tipos de cabello. Para servir a marcas de todos los tama\u00f1os, Pravada ofrece tres opciones de cooperaci\u00f3n flexibles: f\u00f3rmulas listas para usar con una cantidad m\u00ednima de 50 unidades, formulaciones semipersonalizadas a partir de 250 unidades y desarrollo totalmente personalizado con una cantidad m\u00ednima de 2.500 unidades.<\/li>\n\n\n\n<li><strong>Aplicaci\u00f3n en profundidad de ingredientes b\u00e1sicos de primera calidad<\/strong>: Las f\u00f3rmulas de Pravada utilizan ingredientes de alta calidad probados en el mercado, como el aceite de arg\u00e1n, la manteca de karit\u00e9, la biotina y el pantenol. Sus f\u00f3rmulas no contienen sulfatos, por lo que ofrecen un cuidado profesional del cabello de calidad profesional sin da\u00f1ar la salud del cuero cabelludo ni del cabello. Esta estrategia ha permitido a su l\u00ednea de acondicionadores de marca blanca afianzar r\u00e1pidamente una posici\u00f3n profesional de primera calidad en el competitivo mercado de masas.<\/li>\n<\/ul>\n\n\n\n<h3 class=\"wp-block-heading\">Marcas adecuadas<\/h3>\n\n\n\n<p>Las marcas de cuidado del cabello <strong>natural, ecol\u00f3gico y limpio<\/strong> con gran \u00e9nfasis en la fabricaci\u00f3n norteamericana y la certificaci\u00f3n de ausencia de crueldad; as\u00ed como marcas emergentes que planean introducirse en el mercado a trav\u00e9s de canales de SPA y minoristas de gama alta.<\/p>\n\n\n\n<h2 class=\"wp-block-heading\">4.HSA Cosm\u00e9ticos<\/h2>\n\n\n\n<p>Originaria de Italia, <a href=\"https:\/\/www.hsacosmetics.com\/en\" data-type=\"link\" data-id=\"https:\/\/www.hsacosmetics.com\/en\" target=\"_blank\" rel=\"noopener\">HSA Cosm\u00e9ticos<\/a>, con m\u00e1s de 40 a\u00f1os de experiencia en el sector del cuidado del cabello, es desde hace tiempo un socio ineludible para las marcas internacionales que buscan soluciones profesionales en profundidad para el cuidado del cabello. Fundada en 1982, el ADN de la empresa est\u00e1 profundamente arraigado en los productos de tinte capilar, y se ha ido ampliando gradualmente a una gama completa de categor\u00edas de cuidado del cabello y de la piel, prestando servicio a propietarios de marcas en m\u00e1s de 90 pa\u00edses y regiones de todo el mundo.<\/p>\n\n\n\n<figure class=\"wp-block-image size-large\"><img loading=\"lazy\" decoding=\"async\" width=\"1300\" height=\"646\" src=\"https:\/\/desifine.com\/wp-content\/uploads\/2025\/12\/HSA-Cosmetics-1300x646.png\" alt=\"HSA Cosm\u00e9ticos\" class=\"wp-image-23103\" srcset=\"https:\/\/desifine.com\/wp-content\/uploads\/2025\/12\/HSA-Cosmetics-1300x646.png 1300w, https:\/\/desifine.com\/wp-content\/uploads\/2025\/12\/HSA-Cosmetics-400x199.png 400w, https:\/\/desifine.com\/wp-content\/uploads\/2025\/12\/HSA-Cosmetics-768x381.png 768w, https:\/\/desifine.com\/wp-content\/uploads\/2025\/12\/HSA-Cosmetics-1536x763.png 1536w, https:\/\/desifine.com\/wp-content\/uploads\/2025\/12\/HSA-Cosmetics-18x9.png 18w, https:\/\/desifine.com\/wp-content\/uploads\/2025\/12\/HSA-Cosmetics.png 1903w\" sizes=\"(max-width: 1300px) 100vw, 1300px\" \/><\/figure>\n\n\n\n<ul class=\"wp-block-list\">\n<li><strong>Fundada<\/strong>: 1982<\/li>\n\n\n\n<li><strong>Ubicaci\u00f3n<\/strong>: Italia<\/li>\n\n\n\n<li><strong>Actividad principal<\/strong>: Coloraci\u00f3n, cuidado del cabello, productos de peinado, cuidado facial y corporal<\/li>\n\n\n\n<li><strong>Modos de servicio<\/strong>: Marca blanca, fabricaci\u00f3n por contrato, producci\u00f3n OEM de proceso completoCertificaciones y ventajas principales: Cumple estrictamente la normativa de la UE sobre cosm\u00e9ticos, con a\u00f1os de experiencia pr\u00e1ctica en el cuidado profesional del cabello. Su cartera de productos abarca canales que van desde los salones profesionales hasta las redes minoristas completas.<\/li>\n<\/ul>\n\n\n\n<h3 class=\"wp-block-heading\">Competencias b\u00e1sicas<\/h3>\n\n\n\n<ul class=\"wp-block-list\">\n<li><strong>Herencia e innovaci\u00f3n en el cuidado del color<\/strong>: Como fabricante originario de la coloraci\u00f3n profesional del cabello, los acondicionadores capilares de marca blanca de HSA cuentan con ventajas t\u00e9cnicas \u00fanicas en la reparaci\u00f3n posterior a la coloraci\u00f3n y la retenci\u00f3n del color. La empresa puede desarrollar f\u00f3rmulas de reparaci\u00f3n de calidad profesional para cabellos da\u00f1ados por la decoloraci\u00f3n y cabellos te\u00f1idos y con permanente, que se adaptan perfectamente a las estrategias de venta cruzada que se alinean con las l\u00edneas de productos de coloraci\u00f3n capilar.<\/li>\n\n\n\n<li><strong>Alta personalizaci\u00f3n y b\u00fasqueda est\u00e9tica<\/strong>: M\u00e1s que un mero fabricante de productos, HSA act\u00faa como incubadora de marcas. Ofrece un apoyo estrat\u00e9gico integral, que abarca la investigaci\u00f3n de tendencias de mercado, la planificaci\u00f3n del concepto de marca y la implementaci\u00f3n de envases y f\u00f3rmulas. Reconocida por integrar la ciencia con la moda, HSA ofrece una aut\u00e9ntica est\u00e9tica de dise\u00f1o italiano que hace que sus productos para el cuidado del cabello destaquen en las homog\u00e9neas estanter\u00edas de los minoristas.<\/li>\n<\/ul>\n\n\n\n<h3 class=\"wp-block-heading\">Marcas adecuadas<\/h3>\n\n\n\n<p>Marcas premium de cuidado del cabello dirigidas a los canales de peluquer\u00eda o a los mercados de belleza profesional de gama alta, que persiguen la etiqueta Made in Italy y un sofisticado dise\u00f1o est\u00e9tico italiano. Es especialmente ideal para l\u00edneas de productos centradas en la coloraci\u00f3n del cabello y la reparaci\u00f3n de los da\u00f1os causados por el color como principales puntos de venta.<\/p>\n\n\n\n<h2 class=\"wp-block-heading\">5.Grupo Intercos<\/h2>\n\n\n\n<p>\u00bfSue\u00f1a con compartir la misma l\u00ednea de producci\u00f3n premium con los gigantes mundiales de la belleza?<a href=\"https:\/\/www.intercos.com\/\" data-type=\"link\" data-id=\"https:\/\/www.intercos.com\/\" target=\"_blank\" rel=\"noopener\"> Intercos<\/a> es la clave para hacerlo realidad.<\/p>\n\n\n\n<p>Fundada en 1972 y con sede en Mil\u00e1n (Italia), Intercos es uno de los principales proveedores mundiales de cosm\u00e9ticos ODM y un fabricante verdaderamente global poco frecuente en el sector. Lleva mucho tiempo desarrollando y fabricando productos para las marcas internacionales m\u00e1s renombradas, gan\u00e1ndose la reputaci\u00f3n de s\u00edmbolo fronterizo de la innovaci\u00f3n cosm\u00e9tica.<\/p>\n\n\n\n<figure class=\"wp-block-image size-large\"><img loading=\"lazy\" decoding=\"async\" width=\"1300\" height=\"645\" src=\"https:\/\/desifine.com\/wp-content\/uploads\/2025\/08\/intercos-1300x645.png\" alt=\"intercos\" class=\"wp-image-21958\" srcset=\"https:\/\/desifine.com\/wp-content\/uploads\/2025\/08\/intercos-1300x645.png 1300w, https:\/\/desifine.com\/wp-content\/uploads\/2025\/08\/intercos-400x199.png 400w, https:\/\/desifine.com\/wp-content\/uploads\/2025\/08\/intercos-768x381.png 768w, https:\/\/desifine.com\/wp-content\/uploads\/2025\/08\/intercos-1536x762.png 1536w, https:\/\/desifine.com\/wp-content\/uploads\/2025\/08\/intercos-50x25.png 50w, https:\/\/desifine.com\/wp-content\/uploads\/2025\/08\/intercos-100x50.png 100w, https:\/\/desifine.com\/wp-content\/uploads\/2025\/08\/intercos.png 1894w\" sizes=\"(max-width: 1300px) 100vw, 1300px\" \/><\/figure>\n\n\n\n<ul class=\"wp-block-list\">\n<li><strong>Fundada<\/strong>: 1972<\/li>\n\n\n\n<li><strong>Sede central<\/strong>: Italia<\/li>\n\n\n\n<li><strong>Actividad principal<\/strong>: Cosm\u00e9ticos de color, cuidado de la piel, cuidado del cabello, cuidado personal y fragancias<\/li>\n\n\n\n<li><strong>Modelo de servicio<\/strong>: Proceso completo de I+D y producci\u00f3n originales, desarrollo integrado de la marca<\/li>\n\n\n\n<li><strong>Principales certificaciones y logros<\/strong>: Las principales marcas del mundo conf\u00edan en nosotros desde hace mucho tiempo, con una capacidad de I+D l\u00edder en el sector y experiencia en la gesti\u00f3n de la cadena de suministro global.<\/li>\n<\/ul>\n\n\n\n<h3 class=\"wp-block-heading\">Competencias b\u00e1sicas<\/h3>\n\n\n\n<ul class=\"wp-block-list\">\n<li><strong>Visi\u00f3n global de la I+D<\/strong>: Intercos basa su ventaja competitiva en los acondicionadores capilares de marca blanca en su incomparable infraestructura de innovaci\u00f3n. Las sinergias de su red mundial de centros de I+D le permiten captar y prever r\u00e1pidamente la pr\u00f3xima megatendencia en la industria del cuidado capilar. Los centros de I+D de las distintas regiones adaptan localmente las f\u00f3rmulas a los distintos tipos de cabello, atendiendo con precisi\u00f3n a las necesidades clim\u00e1ticas y de estado del cabello del mercado objetivo de su marca.<\/li>\n\n\n\n<li><strong>Rara capacidad de integraci\u00f3n de gama alta<\/strong>: Intercos destaca en la integraci\u00f3n entre categor\u00edas. Si sus productos para el cuidado del cabello no solo requieren unos efectos de limpieza y acondicionamiento superiores, sino tambi\u00e9n un estilo coherente con las l\u00edneas de cosm\u00e9tica de color o cuidado de la piel de alta gama de su marca, Intercos puede ofrecer un apoyo integral para su cartera de productos a trav\u00e9s de una cadena de suministro unificada, garantizando una marca coherente y una sensaci\u00f3n de alta gama en toda la colecci\u00f3n.<\/li>\n\n\n\n<li><strong>Suministro de ingredientes y tecnolog\u00eda patentada<\/strong>: La empresa posee una madura cartera de patentes de tecnolog\u00edas de encapsulaci\u00f3n y suministro. Est\u00e1 especializada en la incorporaci\u00f3n estable de ingredientes activos antienvejecimiento y reparadores poco solubles y de alta eficacia en f\u00f3rmulas de acondicionadores, lo que permite crear productos funcionales de gama alta con un fuerte poder de fijaci\u00f3n de precios premium en el mercado de consumo.<\/li>\n<\/ul>\n\n\n\n<h3 class=\"wp-block-heading\">Marcas adecuadas<\/h3>\n\n\n\n<p>Grandes marcas de lujo y sellos de renombre internacional que aspiran a competir en el mercado mundial de gama alta; marcas que buscan establecer ventajas absolutas mediante I+D en profundidad y tecnolog\u00eda punta, en lugar de centrarse meramente en la competitividad de precios.<\/p>\n\n\n\n<h2 class=\"wp-block-heading\">6.KDC\/ONE<\/h2>\n\n\n\n<p>Si quiere que su l\u00ednea de productos para el cuidado del cabello acceda al mismo nivel de recursos de I+D y normas de fabricaci\u00f3n que las marcas de lujo mundiales, <a href=\"https:\/\/www.kdc-one.com\/\" data-type=\"link\" data-id=\"https:\/\/www.kdc-one.com\/\" target=\"_blank\" rel=\"noopener\">KDC\/UNO<\/a> es un socio estrat\u00e9gico que no puede pasar por alto.<\/p>\n\n\n\n<p>Fundada en Longueuil (Quebec, Canad\u00e1) en 1990, KDC\/ONE es uno de los l\u00edderes mundiales en la fabricaci\u00f3n de cosm\u00e9ticos por contrato. Con actividades en Norteam\u00e9rica, Europa y Asia, lleva mucho tiempo dando servicio a las marcas de belleza m\u00e1s prestigiosas del mundo y es conocida como fabricante pionero en innovaci\u00f3n cosm\u00e9tica.<\/p>\n\n\n\n<figure class=\"wp-block-image size-large\"><img loading=\"lazy\" decoding=\"async\" width=\"1300\" height=\"646\" src=\"https:\/\/desifine.com\/wp-content\/uploads\/2025\/12\/kdc-one-1300x646.png\" alt=\"\" class=\"wp-image-23134\" srcset=\"https:\/\/desifine.com\/wp-content\/uploads\/2025\/12\/kdc-one-1300x646.png 1300w, https:\/\/desifine.com\/wp-content\/uploads\/2025\/12\/kdc-one-400x199.png 400w, https:\/\/desifine.com\/wp-content\/uploads\/2025\/12\/kdc-one-768x381.png 768w, https:\/\/desifine.com\/wp-content\/uploads\/2025\/12\/kdc-one-1536x763.png 1536w, https:\/\/desifine.com\/wp-content\/uploads\/2025\/12\/kdc-one-18x9.png 18w, https:\/\/desifine.com\/wp-content\/uploads\/2025\/12\/kdc-one.png 1903w\" sizes=\"(max-width: 1300px) 100vw, 1300px\" \/><\/figure>\n\n\n\n<ul class=\"wp-block-list\">\n<li><strong>Fundada<\/strong>: 1990<\/li>\n\n\n\n<li><strong>Sede central<\/strong>: Longueuil, Quebec, Canad\u00e1<\/li>\n\n\n\n<li><strong>Actividad principal<\/strong>: Cuidado del cabello (champ\u00fa, acondicionador, mascarilla y tratamiento sin aclarado), cuidado de la piel, cosm\u00e9ticos de color, cuidado corporal y fragancias.<\/li>\n\n\n\n<li><strong>Modos de servicio<\/strong>: OEM (fabricaci\u00f3n de equipos originales), ODM (fabricaci\u00f3n de dise\u00f1os originales), I+D original y desarrollo de marcas a gran escala.<\/li>\n\n\n\n<li><strong>Principales certificaciones y logros<\/strong>: Certificada con GMP e ISO 22716. Atiende a minoristas de todo el mundo incluidos en la lista Fortune 50 y a las principales marcas de consumo, y cuenta con una red mundial de fabricaci\u00f3n de millones de metros cuadrados y un s\u00f3lido sistema de I+D de f\u00f3rmulas.<\/li>\n<\/ul>\n\n\n\n<h3 class=\"wp-block-heading\">Competencias b\u00e1sicas<\/h3>\n\n\n\n<ul class=\"wp-block-list\">\n<li><strong>Colaboraci\u00f3n en la red mundial de I+D<\/strong>: KDC\/ONE construye su foso competitivo en el sector de los acondicionadores capilares de marca blanca a trav\u00e9s de su red de colaboraci\u00f3n en I+D que abarca tres continentes. Los centros de I+D de las distintas regiones optimizan las f\u00f3rmulas localmente para las distintas caracter\u00edsticas del cabello: el centro europeo se centra en la anticontaminaci\u00f3n y la reparaci\u00f3n de primera calidad, mientras que el centro norteamericano se especializa en la belleza limpia y el cuidado del cabello rizado. Esta visi\u00f3n global garantiza que, independientemente de d\u00f3nde se vendan sus productos para el cuidado del cabello, su textura, fragancia y experiencia de uso se adapten perfectamente a las preferencias de los consumidores locales.<\/li>\n\n\n\n<li><strong>Integraci\u00f3n entre categor\u00edas y tecnolog\u00eda patentada<\/strong>: La empresa es titular de m\u00faltiples patentes en tecnolog\u00edas de encapsulaci\u00f3n y suministro. Destaca en la incorporaci\u00f3n estable de ingredientes antienvejecimiento y reparadores poco solubles y de alto rendimiento en f\u00f3rmulas de acondicionadores, creando productos funcionales de gama alta para el cuidado del cabello con un fuerte poder de fijaci\u00f3n de precios en el mercado final. Si su marca abarca varias l\u00edneas de productos, incluidos el cuidado de la piel, los cosm\u00e9ticos de color y el cuidado del cabello, KDC\/ONE puede dar soporte a toda la cartera de productos mediante un sistema de cadena de suministro unificado, garantizando una textura de primera calidad y la coherencia de la marca en toda la matriz de la marca.<\/li>\n\n\n\n<li><strong>Tecnolog\u00eda de suministro y estabilizaci\u00f3n de ingredientes<\/strong>: KDC\/ONE cuenta con una sofisticada tecnolog\u00eda de encapsulaci\u00f3n y liberaci\u00f3n sostenida de ingredientes activos. Permite aplicar con \u00e9xito ingredientes inestables pero muy eficaces, como el retinol y la vitamina C, en f\u00f3rmulas de acondicionadores. Al tiempo que garantiza la estabilidad durante el almacenamiento, permite la liberaci\u00f3n y penetraci\u00f3n instant\u00e1neas de los ingredientes activos durante su uso.<\/li>\n<\/ul>\n\n\n\n<h3 class=\"wp-block-heading\">Marcas adecuadas<\/h3>\n\n\n\n<p>Marcas de lujo y marcas de renombre internacional que aspiran a competir en el mercado mundial de gama alta; marcas que buscan establecer ventajas absolutas en I+D en profundidad y tecnolog\u00eda punta; as\u00ed como marcas de belleza integrales que necesitan servicios de fabricaci\u00f3n integrados para todas las categor\u00edas.<\/p>\n\n\n\n<h2 class=\"wp-block-heading\">7.Grupo Beauty Quest<\/h2>\n\n\n\n<p>Si su marca apuesta por cultivar el canal de los salones profesionales, donde las recomendaciones boca a boca de los peluqueros impulsan directamente las ventas de productos, entonces <a href=\"https:\/\/www.beautyquestgroup.com\/\" data-type=\"link\" data-id=\"https:\/\/www.beautyquestgroup.com\/\" target=\"_blank\" rel=\"noopener\">Grupo Beauty Quest<\/a> (BQG) es un socio excepcionalmente convincente.<\/p>\n\n\n\n<p>Con sede en Estados Unidos, BQG es un fabricante y comercializador integrado formado a partir de la fusi\u00f3n de una marca profesional de cuidado del cabello de Procter &amp; Gamble y la antigua divisi\u00f3n de negocio Zotos de Henkel. Ha acumulado una profunda experiencia t\u00e9cnica y amplios recursos de canal dentro de la industria de los salones de peluquer\u00eda.<\/p>\n\n\n\n<figure class=\"wp-block-image size-large\"><img loading=\"lazy\" decoding=\"async\" width=\"1300\" height=\"650\" src=\"https:\/\/desifine.com\/wp-content\/uploads\/2026\/04\/Beauty-Quest-Group-1300x650.png\" alt=\"Grupo Beauty Quest\" class=\"wp-image-26167\" srcset=\"https:\/\/desifine.com\/wp-content\/uploads\/2026\/04\/Beauty-Quest-Group-1300x650.png 1300w, https:\/\/desifine.com\/wp-content\/uploads\/2026\/04\/Beauty-Quest-Group-400x200.png 400w, https:\/\/desifine.com\/wp-content\/uploads\/2026\/04\/Beauty-Quest-Group-768x384.png 768w, https:\/\/desifine.com\/wp-content\/uploads\/2026\/04\/Beauty-Quest-Group-1536x768.png 1536w, https:\/\/desifine.com\/wp-content\/uploads\/2026\/04\/Beauty-Quest-Group-18x9.png 18w, https:\/\/desifine.com\/wp-content\/uploads\/2026\/04\/Beauty-Quest-Group.png 1895w\" sizes=\"(max-width: 1300px) 100vw, 1300px\" \/><\/figure>\n\n\n\n<ul class=\"wp-block-list\">\n<li><strong>Fundada<\/strong>: 2019<\/li>\n\n\n\n<li><strong>Ubicaci\u00f3n<\/strong>: Estados Unidos<\/li>\n\n\n\n<li><strong>Actividad principal<\/strong>: Acondicionador capilar, champ\u00fa, productos de coloraci\u00f3n, productos de peinado<\/li>\n\n\n\n<li><strong>Modos de servicio<\/strong>: Fabricaci\u00f3n de marcas blancas, fabricaci\u00f3n por contrato, desarrollo de f\u00f3rmulas personalizadasCertificaciones y logros principales: Gestiona marcas profesionales muy conocidas, como Aquage, RUSK y One'n Only, y presta servicios OEM de marca blanca a los principales minoristas.<\/li>\n<\/ul>\n\n\n\n<h3 class=\"wp-block-heading\">Competencias b\u00e1sicas<\/h3>\n\n\n\n<ul class=\"wp-block-list\">\n<li><strong>Fuerte validaci\u00f3n del sal\u00f3n<\/strong>: Antes de lanzarse al mercado de masas, las f\u00f3rmulas de acondicionadores de marca blanca de BQG se han sometido a pruebas de alta frecuencia e intensidad en salones profesionales. El uso diario a largo plazo por parte de peluqueros profesionales proporciona una poderosa validaci\u00f3n de terceros para respaldar las decisiones de compra de los consumidores. Su cartera de productos abarca acondicionadores reparadores, acondicionadores de larga duraci\u00f3n para despu\u00e9s de la coloraci\u00f3n, cuidado de la elasticidad de los rizos y mucho m\u00e1s, lo que la hace ideal para marcas de gama media-alta que buscan un respaldo de calidad profesional de sal\u00f3n.<\/li>\n\n\n\n<li><strong>Ventajas de la fabricaci\u00f3n y distribuci\u00f3n integradas<\/strong>: Formada a partir de la integraci\u00f3n de las divisiones de cuidado capilar profesional de Procter &amp; Gamble y Henkel, BQG posee una madura capacidad organizativa y un estricto sistema de control de calidad en la gesti\u00f3n de la cadena de suministro y la distribuci\u00f3n a gran escala. Con una larga trayectoria de ventas de su cartera de marcas a salones profesionales y minoristas especializados, la empresa ha acumulado una amplia experiencia en formulaciones de grado profesional, lo que le permite ayudar a su marca a acceder r\u00e1pidamente a la red de canales de salones profesionales de peluquer\u00eda de Norteam\u00e9rica.<\/li>\n\n\n\n<li><strong>Profundos conocimientos del canal profesional<\/strong>: Adem\u00e1s de ofrecer servicios de fabricaci\u00f3n, BQG tambi\u00e9n gestiona varias marcas profesionales propias. Esta doble identidad proporciona a la empresa un profundo conocimiento de las necesidades reales de los peluqueros profesionales, lo que le permite desarrollar acondicionadores capilares que se adaptan realmente a los flujos de trabajo de los salones y a los h\u00e1bitos de uso de los profesionales.<\/li>\n<\/ul>\n\n\n\n<h3 class=\"wp-block-heading\">Marcas adecuadas<\/h3>\n\n\n\n<p>Las marcas de cuidado del cabello de gama media-alta pretenden introducirse en los salones profesionales norteamericanos y en el mercado de cuidado del cabello de gama alta, con <strong>calidad de sal\u00f3n<\/strong> como su principal argumento de venta; as\u00ed como marcas en crecimiento que pretenden aprovechar el boca a boca del canal profesional para impulsar su crecimiento en el mercado de la gran distribuci\u00f3n.<\/p>\n\n\n\n<h2 class=\"wp-block-heading\">8.Vert Laboratoire<\/h2>\n\n\n\n<p>Con el tel\u00f3n de fondo de la creciente tendencia al consumo ecol\u00f3gico en el Reino Unido y los mercados europeos, <a href=\"https:\/\/www.vertlaboratoire.com\/\" data-type=\"link\" data-id=\"https:\/\/www.vertlaboratoire.com\/\" target=\"_blank\" rel=\"noopener\">Laboratorio Vert<\/a> destaca por su pleno compromiso con una fabricaci\u00f3n natural, sostenible y \u00e9tica.<\/p>\n\n\n\n<p>Fundada en Londres en 2011, la empresa cuenta con operaciones de cero residuos, instalaciones neutras en carbono y una producci\u00f3n alimentada por energ\u00eda renovable 100%. Se dedica a suministrar a marcas mundiales productos naturales para el cuidado del cabello que cumplen las normas medioambientales m\u00e1s estrictas.<\/p>\n\n\n\n<figure class=\"wp-block-image size-large\"><img loading=\"lazy\" decoding=\"async\" width=\"1300\" height=\"650\" src=\"https:\/\/desifine.com\/wp-content\/uploads\/2026\/04\/Vert-Laboratoire-1300x650.png\" alt=\"Laboratorio Vert\" class=\"wp-image-26169\" srcset=\"https:\/\/desifine.com\/wp-content\/uploads\/2026\/04\/Vert-Laboratoire-1300x650.png 1300w, https:\/\/desifine.com\/wp-content\/uploads\/2026\/04\/Vert-Laboratoire-400x200.png 400w, https:\/\/desifine.com\/wp-content\/uploads\/2026\/04\/Vert-Laboratoire-768x384.png 768w, https:\/\/desifine.com\/wp-content\/uploads\/2026\/04\/Vert-Laboratoire-1536x768.png 1536w, https:\/\/desifine.com\/wp-content\/uploads\/2026\/04\/Vert-Laboratoire-18x9.png 18w, https:\/\/desifine.com\/wp-content\/uploads\/2026\/04\/Vert-Laboratoire.png 1897w\" sizes=\"(max-width: 1300px) 100vw, 1300px\" \/><\/figure>\n\n\n\n<ul class=\"wp-block-list\">\n<li><strong>Fundada<\/strong>: 2011<\/li>\n\n\n\n<li><strong>Ubicaci\u00f3n<\/strong>: Londres, Reino Unido<\/li>\n\n\n\n<li><strong>Actividad principal<\/strong>: Tratamientos para la piel, el cabello, el cuerpo, los beb\u00e9s y los hoteles<\/li>\n\n\n\n<li><strong>Modos de servicio<\/strong>: OEM, ODM, marca privada<\/li>\n\n\n\n<li><strong>Principales certificaciones y logros<\/strong>: Cumple las normas del Reino Unido, la UE, Kosher, Cosmos y la FDA de EE.UU.; f\u00e1brica con cero residuos y certificaci\u00f3n de carbono neutro. Los productos se adhieren a los principios veganos, libres de crueldad y seguros para los arrecifes, con materias primas vegetales de origen local y \u00e9tico.<\/li>\n<\/ul>\n\n\n\n<h3 class=\"wp-block-heading\">Competencias b\u00e1sicas<\/h3>\n\n\n\n<ul class=\"wp-block-list\">\n<li><strong>Qu\u00edmica verde y f\u00f3rmulas naturales de alto porcentaje<\/strong>: La l\u00ednea de acondicionadores capilares de marca blanca de Vert Laboratoire se basa en una qu\u00edmica ecol\u00f3gica. Su prioridad es minimizar el impacto medioambiental mediante la selecci\u00f3n de materias primas y el abastecimiento de envases. Sus l\u00edneas de acondicionadores adoptan sistemas tensioactivos de origen vegetal que proporcionan una excelente formaci\u00f3n de espuma, limpieza y suavidad tras el uso, al tiempo que mantienen una elevada proporci\u00f3n de ingredientes de origen natural.<\/li>\n\n\n\n<li><strong>Sistema de fabricaci\u00f3n neutro en carbono<\/strong>: La empresa incorpora compromisos de neutralidad de carbono y cero residuos en cada proceso de producci\u00f3n. En los mercados europeo y brit\u00e1nico, esto ayuda a su marca a ganarse directamente el reconocimiento y la confianza de unos consumidores muy concienciados con el medio ambiente. Toda la producci\u00f3n se alimenta de energ\u00eda renovable y la f\u00e1brica no env\u00eda residuos al vertedero.<\/li>\n\n\n\n<li><strong>Experiencia global en cumplimiento de la normativa<\/strong>: Vert Laboratoire posee una profunda experiencia pr\u00e1ctica con las normativas del Reino Unido, la UE, Kosher, Cosmos, la FDA estadounidense y otras normas regionales. Garantiza que sus productos para el cuidado del cabello no se enfrenten a barreras a la exportaci\u00f3n causadas por el etiquetado local, las restricciones de ingredientes o las normativas de seguridad. Las f\u00f3rmulas de stock ya preparadas permiten una r\u00e1pida personalizaci\u00f3n, lo que permite a las marcas entrar en los mercados del Reino Unido y la UE con la menor huella medioambiental.<\/li>\n<\/ul>\n\n\n\n<h3 class=\"wp-block-heading\">Marcas adecuadas<\/h3>\n\n\n\n<p>Marcas de gama media-alta que se lanzan primero en el Reino Unido o en el mercado europeo, posicion\u00e1ndose en torno a <strong>neutralidad en carbono, credenciales veganas y origen natural<\/strong>; as\u00ed como empresas responsables con el medio ambiente que aspiran a construir una imagen de marca sostenible a escala mundial.<\/p>\n\n\n\n<h2 class=\"wp-block-heading\">9.Mann &amp; Schr\u00f6der Cosmetics Group<\/h2>\n\n\n\n<p>Para las marcas que pretenden cubrir los canales de gran distribuci\u00f3n en toda Europa y buscan la calidad rigurosa y la capacidad de entrega a gran escala sin\u00f3nimo de <strong>Fabricado en Alemania<\/strong>, <a href=\"https:\/\/www.mann-schroeder.de\/\" data-type=\"link\" data-id=\"https:\/\/www.mann-schroeder.de\/\" target=\"_blank\" rel=\"noopener\">Grupo Cosm\u00e9tico Mann &amp; Schr\u00f6der<\/a> es una opci\u00f3n fiable.<\/p>\n\n\n\n<p>Fundada en la d\u00e9cada de 1950, esta empresa alemana lleva m\u00e1s de 70 a\u00f1os especializ\u00e1ndose en la prestaci\u00f3n de servicios integrales de marca blanca -desde el concepto hasta el lineal- para cadenas de farmacias, supermercados de descuento y minoristas de alimentaci\u00f3n de Alemania, Austria y Suiza. Ha creado una cartera de m\u00e1s de 2.000 f\u00f3rmulas \u00fanicas que abarcan m\u00e1s de 15 categor\u00edas de productos para el cuidado del cabello y del cuerpo.<\/p>\n\n\n\n<ul class=\"wp-block-list\">\n<li><strong>Fundada<\/strong>: 1950s<\/li>\n\n\n\n<li><strong>Ubicaci\u00f3n<\/strong>: Alemania<\/li>\n\n\n\n<li><strong>Actividad principal<\/strong>: Acondicionador capilar, champ\u00fa, productos de tratamiento capilar, cuidado corporal, cuidado de la piel<\/li>\n\n\n\n<li><strong>Modos de servicio<\/strong>: Marca blanca, proceso completo OEM\/ODM<\/li>\n\n\n\n<li><strong>Principales certificaciones y logros<\/strong>: Desde hace tiempo suministra productos de marca blanca a cadenas alemanas de farmacias, tiendas de descuento y supermercados. Con m\u00e1s de 2.000 f\u00f3rmulas de cuidado \u00fanicas, sus innovadores productos abarcan m\u00e1s de 15 categor\u00edas.<\/li>\n<\/ul>\n\n\n\n<h3 class=\"wp-block-heading\">Competencias b\u00e1sicas<\/h3>\n\n\n\n<ul class=\"wp-block-list\">\n<li><strong>Sistema de calidad de fabricaci\u00f3n alemana<\/strong>: La fabricaci\u00f3n de los acondicionadores capilares de marca blanca de Mann &amp; Schr\u00f6der se adhiere al sistema alem\u00e1n de gesti\u00f3n de calidad de alto nivel, que abarca toda la cadena de valor, desde el concepto del producto y el desarrollo de la f\u00f3rmula, la garant\u00eda de calidad y la producci\u00f3n hasta el envasado del producto acabado. Su laboratorio interno de I+D desarrolla f\u00f3rmulas espec\u00edficas para diversas necesidades de cuidado del cabello, desde la limpieza y el mantenimiento diarios hasta soluciones reparadoras de nivel profesional.<\/li>\n\n\n\n<li><strong>Categor\u00eda Profundidad y Escala de Producci\u00f3n<\/strong>: Con una cartera de productos de m\u00e1s de 2.000 f\u00f3rmulas y m\u00e1s de 15 categor\u00edas, las marcas pueden desarrollar l\u00edneas completas de champ\u00fa, productos para el cuidado del cabello y del cuerpo, adem\u00e1s de acondicionadores para el cabello. La integraci\u00f3n de proveedores ayuda a reducir los costes log\u00edsticos y de gesti\u00f3n.<\/li>\n\n\n\n<li><strong>Asociaciones estables en la cadena de suministro<\/strong>: Mann &amp; Schr\u00f6der, una de las empresas l\u00edderes del sector alem\u00e1n de fabricaci\u00f3n de marcas blancas, ha establecido estrictas normas de entrega y una garant\u00eda de calidad constante gracias a su cooperaci\u00f3n a largo plazo con los principales minoristas. La empresa mantiene asociaciones estables de suministro con grandes cadenas de farmacias, minoristas de descuento y marcas de belleza internacionales, al tiempo que apoya a marcas emergentes con demandas de innovaci\u00f3n.<\/li>\n<\/ul>\n\n\n\n<h3 class=\"wp-block-heading\">Marcas adecuadas<\/h3>\n\n\n\n<p>Grandes marcas que se dirigen a los canales de gran distribuci\u00f3n de Europa, persiguiendo la imagen de artesan\u00eda exquisita que hay detr\u00e1s <strong>Fabricado en Alemania<\/strong>, y requiere el desarrollo integrado de una matriz completa de categor\u00edas de productos. Resulta especialmente id\u00f3neo para minoristas medianos y grandes y marcas transfronterizas que deseen impulsar la credibilidad de los consumidores aprovechando la reputaci\u00f3n de la fabricaci\u00f3n alemana.<\/p>\n\n\n\n<h2 class=\"wp-block-heading\">Resumen<\/h2>\n\n\n\n<p>En la actualidad, han surgido en todo el mundo una serie de potentes fabricantes de acondicionadores capilares de marca blanca, que cubren v\u00edas segmentadas como el lujo de gama alta, la peluquer\u00eda profesional, la gran distribuci\u00f3n europea y la sostenibilidad natural, adapt\u00e1ndose perfectamente al posicionamiento de marca y la disposici\u00f3n de canales de todo tipo de marcas. El mercado mundial del cuidado del cabello mantiene un crecimiento constante, y la fabricaci\u00f3n por contrato de alta calidad se ha convertido en un motor fundamental para que las marcas se abran paso y mejoren. Elegir al socio fabricante adecuado sienta una base s\u00f3lida para el \u00e9xito de su marca.<\/p>\n\n\n\n<p>Si busca una cooperaci\u00f3n fiable en materia de fabricaci\u00f3n con capacidades de I+D de primer nivel, no dude en <strong><a href=\"https:\/\/desifine.com\/es\/contact-us\/\" data-type=\"link\" data-id=\"https:\/\/desifine.com\/contact-us\/\">Contacto<\/a><\/strong>. Respaldados por m\u00e1s de 10.000 f\u00f3rmulas probadas dirigidas por el Director T\u00e9cnico alem\u00e1n Dr. Rolf Lentfer, junto con nuestras instalaciones de producci\u00f3n certificadas por m\u00faltiples y estrictas normas internacionales, salvaguardamos el desarrollo de su marca. Proporcionamos soluciones integrales que abarcan todo el proceso, desde la formulaci\u00f3n del concepto hasta la entrega final de acondicionadores capilares de primera calidad.<\/p>","protected":false},"excerpt":{"rendered":"<p>For entrepreneurs looking to enter the personal care industry, selecting the right private label hair conditioner manufacturer often determines a brand\u2019s success from inception to launch. The global hair conditioner market was valued at approximately 5.04 billion USD in 2025 and is forecast to reach 9.62 billion USD by 2034, with a compound annual growth [&hellip;]<\/p>\n","protected":false},"author":1,"featured_media":26162,"comment_status":"closed","ping_status":"closed","sticky":false,"template":"","format":"standard","meta":{"site-sidebar-layout":"default","site-content-layout":"","ast-site-content-layout":"default","site-content-style":"default","site-sidebar-style":"default","ast-global-header-display":"","ast-banner-title-visibility":"","ast-main-header-display":"","ast-hfb-above-header-display":"","ast-hfb-below-header-display":"","ast-hfb-mobile-header-display":"","site-post-title":"","ast-breadcrumbs-content":"","ast-featured-img":"","footer-sml-layout":"","ast-disable-related-posts":"","theme-transparent-header-meta":"","adv-header-id-meta":"","stick-header-meta":"","header-above-stick-meta":"","header-main-stick-meta":"","header-below-stick-meta":"","astra-migrate-meta-layouts":"set","ast-page-background-enabled":"default","ast-page-background-meta":{"desktop":{"background-color":"","background-image":"","background-repeat":"repeat","background-position":"center center","background-size":"auto","background-attachment":"scroll","background-type":"","background-media":"","overlay-type":"","overlay-color":"","overlay-opacity":"","overlay-gradient":""},"tablet":{"background-color":"","background-image":"","background-repeat":"repeat","background-position":"center center","background-size":"auto","background-attachment":"scroll","background-type":"","background-media":"","overlay-type":"","overlay-color":"","overlay-opacity":"","overlay-gradient":""},"mobile":{"background-color":"","background-image":"","background-repeat":"repeat","background-position":"center center","background-size":"auto","background-attachment":"scroll","background-type":"","background-media":"","overlay-type":"","overlay-color":"","overlay-opacity":"","overlay-gradient":""}},"ast-content-background-meta":{"desktop":{"background-color":"var(--ast-global-color-5)","background-image":"","background-repeat":"repeat","background-position":"center center","background-size":"auto","background-attachment":"scroll","background-type":"","background-media":"","overlay-type":"","overlay-color":"","overlay-opacity":"","overlay-gradient":""},"tablet":{"background-color":"var(--ast-global-color-5)","background-image":"","background-repeat":"repeat","background-position":"center center","background-size":"auto","background-attachment":"scroll","background-type":"","background-media":"","overlay-type":"","overlay-color":"","overlay-opacity":"","overlay-gradient":""},"mobile":{"background-color":"var(--ast-global-color-5)","background-image":"","background-repeat":"repeat","background-position":"center center","background-size":"auto","background-attachment":"scroll","background-type":"","background-media":"","overlay-type":"","overlay-color":"","overlay-opacity":"","overlay-gradient":""}},"footnotes":""},"categories":[1],"tags":[],"class_list":["post-26160","post","type-post","status-publish","format-standard","has-post-thumbnail","hentry","category-desifine"],"_links":{"self":[{"href":"https:\/\/desifine.com\/es\/wp-json\/wp\/v2\/posts\/26160","targetHints":{"allow":["GET"]}}],"collection":[{"href":"https:\/\/desifine.com\/es\/wp-json\/wp\/v2\/posts"}],"about":[{"href":"https:\/\/desifine.com\/es\/wp-json\/wp\/v2\/types\/post"}],"author":[{"embeddable":true,"href":"https:\/\/desifine.com\/es\/wp-json\/wp\/v2\/users\/1"}],"replies":[{"embeddable":true,"href":"https:\/\/desifine.com\/es\/wp-json\/wp\/v2\/comments?post=26160"}],"version-history":[{"count":7,"href":"https:\/\/desifine.com\/es\/wp-json\/wp\/v2\/posts\/26160\/revisions"}],"predecessor-version":[{"id":26170,"href":"https:\/\/desifine.com\/es\/wp-json\/wp\/v2\/posts\/26160\/revisions\/26170"}],"wp:featuredmedia":[{"embeddable":true,"href":"https:\/\/desifine.com\/es\/wp-json\/wp\/v2\/media\/26162"}],"wp:attachment":[{"href":"https:\/\/desifine.com\/es\/wp-json\/wp\/v2\/media?parent=26160"}],"wp:term":[{"taxonomy":"category","embeddable":true,"href":"https:\/\/desifine.com\/es\/wp-json\/wp\/v2\/categories?post=26160"},{"taxonomy":"post_tag","embeddable":true,"href":"https:\/\/desifine.com\/es\/wp-json\/wp\/v2\/tags?post=26160"}],"curies":[{"name":"wp","href":"https:\/\/api.w.org\/{rel}","templated":true}]}}